{"id":6441,"date":"2022-09-06T00:20:25","date_gmt":"2022-09-06T06:20:25","guid":{"rendered":"https:\/\/www.venegasnexia.com\/?p=6441"},"modified":"2022-11-01T17:41:25","modified_gmt":"2022-11-01T23:41:25","slug":"iva-en-bienes-usados-previamente-sometidos-a-depreciacion","status":"publish","type":"post","link":"https:\/\/www.venegasnexia.com\/es\/iva-en-bienes-usados-previamente-sometidos-a-depreciacion\/","title":{"rendered":"IVA en bienes usados previamente sometidos a depreciaci\u00f3n"},"content":{"rendered":"<div class=\"wpb-content-wrapper\"><p>[vc_row][vc_column][vc_column_text]<\/p>\n<h2 style=\"text-align: justify;\">\u00bfAPLICA EL IVA EN EL CASO DE VENTA DE BIENES USADOS PREVIAMENTE SOMETIDOS A DEPRECIACI\u00d3N?<\/h2>\n<p style=\"text-align: justify;\">Hist\u00f3ricamente algunos de nuestros clientes nos han consultado sobre el tema de si la venta de activos sometidos a depreciaci\u00f3n debe ser facturada con IVA. En primera instancia, uno podr\u00eda pensar que, si el contribuyente est\u00e1 en el r\u00e9gimen tradicional y si se trata de un bien afecto, es decir, que coadyuva en la generaci\u00f3n de los ingresos del contribuyente, a la hora de su venta debe facturarse con el IVA. No obstante, hay una consulta realizada v\u00eda art\u00edculo 119 del CNPT (y por tanto no vinculante) que indica lo contrario, en la que se profundiza el tema de la habitualidad como elemento disparador del hecho generador ligado a la actividad principal de contribuyente y la naturaleza plurif\u00e1sica del IVA. En dicho oficio la Administraci\u00f3n Tributaria manifiesta que, en el tanto los bienes usados o activos de la compa\u00f1\u00eda que van a ser vendidos no formen parte de la actividad comercial de la consultante, por la venta de sus activos, que incluso fueron sometidos a depreciaci\u00f3n, no debe pagarse el IVA, ello de conformidad con las consideraciones legales que se exponen de seguido.<\/p>\n<h2 style=\"text-align: justify;\"><strong>Al respecto la DGT-1443-2020 se\u00f1ala lo siguiente:<\/strong><\/h2>\n<h3 style=\"text-align: justify;\">CUADRO F\u00c1CTICO<\/h3>\n<p style=\"text-align: justify;\">\u201cManifiesta que su representada se encuentra inscrita ante la Direcci\u00f3n General de Tributaci\u00f3n en la actividad comercial de servicios contables y asesor\u00eda fiscal.\u201d<\/p>\n<h3 style=\"text-align: justify;\">CONSULTA CONCRETA<\/h3>\n<p style=\"text-align: justify;\">\u201c\u00bfQu\u00e9 tratamiento se debe dar a la venta de propiedad, planta y equipo que han sido depreciados en el giro comercial del negocio, cuando se van a vender, espec\u00edficamente por el cierre de una de las actividades comerciales registradas, en lo que respecta al Impuesto al Valor Agregado (IVA) para el periodo fiscal que termina el 31 de diciembre de 2020?\u201d<\/p>\n<h3 style=\"text-align: justify;\">CRITERIO DE LA DIRECCI\u00d3N GENERAL DE TRIBUTACI\u00d3N<\/h3>\n<p style=\"text-align: justify;\">\u201cUna vez analizada la consulta formulada, esta Direcci\u00f3n le manifiesta que, en el tanto los bienes usados o activos de la compa\u00f1\u00eda que van a ser vendidos no formen parte de la actividad comercial de la consultante, quien seg\u00fan su dicho, no se dedica a la venta de tales bienes, por la venta de sus activos, que incluso fueron sometidos a depreciaci\u00f3n, no debe pagarse el IVA, ello de conformidad con las consideraciones legales que se exponen de seguido.<\/p>\n<p style=\"text-align: justify;\">En este sentido, conviene recordar que, con la promulgaci\u00f3n de la Ley de Fortalecimiento de las Finanzas P\u00fablicas, Ley N\u00b0 9635 del 3 de diciembre del 2018, se reforma integralmente la Ley del Impuesto General sobre las Ventas, la cual pasa a denominarse \u201cLey del Impuesto al Valor Agregado\u201d, en adelante LIVA. Aparte de establecer un Impuesto sobre el Valor Agregado (IVA) que grava de manera general la venta de bienes y la prestaci\u00f3n de servicios, con las excepciones dispuestas en la misma Ley, tambi\u00e9n se incorporan nuevas tarifas reducidas para determinados supuestos particulares, exenciones y no sujeciones.<\/p>\n<p style=\"text-align: justify;\">El art\u00edculo 1 establece la materia imponible, gravando con este impuesto la venta de bienes y la prestaci\u00f3n de servicios, independientemente del medio por el que sean prestados, y en el tanto sean realizados en el territorio de la Rep\u00fablica. Siendo que se produce el hecho generador (art\u00edculo 2 de la LIVA) en la venta de bienes, cuando la venta se realiza de manera habitual, por alg\u00fan contribuyente del art\u00edculo 4 de la LIVA; entendiendo por habitualidad la actividad a la que se dedica una persona o empresa con \u00e1nimo mercantil, de forma p\u00fablica, continua o frecuente.<\/p>\n<p style=\"text-align: justify;\">Asimismo, la Ley establece un R\u00e9gimen Especial de Bienes Usados para revendedores de bienes usados, regulado en el Cap\u00edtulo VI, art\u00edculo 31 de la LIVA.<\/p>\n<p style=\"text-align: justify;\">Es importante considerar que el IVA es un impuesto sobre el valor a\u00f1adido que recae sobre el precio \u00edntegro de todas las ventas, en todas las fases de producci\u00f3n y distribuci\u00f3n, tambi\u00e9n conocido como impuesto plurif\u00e1sico o en cascada.\u00a0 En uno y otro caso, la ley establece que en la venta de bienes la persona o empresa contribuyente es aquella que se dedica a una actividad habitual, con \u00e1nimo de lucro, de forma p\u00fablica, continua o frecuente.\u00a0 Espec\u00edficamente en el caso de la captaci\u00f3n del impuesto a nivel de revendedores de bienes usados, deben inscribirse ante la Direcci\u00f3n General de Tributaci\u00f3n indicando los bienes a revender.<\/p>\n<p style=\"text-align: justify;\">En el caso bajo estudio, es claro que el consultante vende los activos que ya ha utilizado en la actividad econ\u00f3mica a la que se dedica, por lo que sobre tales bienes no debe cobrar el IVA, pues los mismos no son parte de su inventario, sino que eran parte de sus activos, los cuales fueron debidamente sometidos a depreciaci\u00f3n. En esta situaci\u00f3n no se da el hecho generador del impuesto, ya que la operaci\u00f3n de la venta no es sobre una actividad destinada a esos efectos, sino que es consecuencia de una decisi\u00f3n empresarial.<\/p>\n<p style=\"text-align: justify;\">Ahora bien, esta Direcci\u00f3n s\u00ed le recuerda a la consultante que, si bien la venta de los activos no se encuentra gravada con el IVA, la eventual ganancia o p\u00e9rdida s\u00ed esta afecta al Impuesto sobre las Utilidades.\u201d<\/p>\n<p>[\/vc_column_text][vc_cta h2=\u00bbVenegas y Colegiados, Contadores P\u00fablicos Autorizados, somos representantes de Nexia International en Costa Rica.\u00bb h4=\u00bbContamos con 50 a\u00f1os de experiencia brindando servicios oportunos y de calidad en:\u00bb add_button=\u00bbbottom\u00bb btn_title=\u00bbCONT\u00c1CTENOS\u00bb btn_style=\u00bbcustom\u00bb btn_custom_background=\u00bb#00b2a9&#8243; btn_custom_text=\u00bb#ffffff\u00bb btn_align=\u00bbcenter\u00bb btn_i_align=\u00bbright\u00bb btn_i_icon_fontawesome=\u00bbfas fa-info-circle\u00bb btn_add_icon=\u00bbtrue\u00bb btn_link=\u00bburl:https%3A%2F%2Fwww.venegasnexia.com%2Fes%2Fcontactenos%2F|title:Cont%C3%A1ctenos|rel:nofollow\u00bb]<\/p>\n<ul type=\"disc\">\n<li class=\"m_-9040847296211948777gmail-m-1573865590971633358msolistparagraph\">Auditor\u00eda Externa<u><\/u><u><\/u><\/li>\n<li class=\"m_-9040847296211948777gmail-m-1573865590971633358msolistparagraph\">Auditor\u00eda Interna<u><\/u><u><\/u><\/li>\n<li class=\"m_-9040847296211948777gmail-m-1573865590971633358msolistparagraph\">Certificaciones CPA y CPI<u><\/u><u><\/u><\/li>\n<li class=\"m_-9040847296211948777gmail-m-1573865590971633358msolistparagraph\">Asesor\u00eda Contable y Financiera<u><\/u><u><\/u><\/li>\n<li class=\"m_-9040847296211948777gmail-m-1573865590971633358msolistparagraph\">Outsourcing Contable y Administrativo<u><\/u><u><\/u><\/li>\n<li class=\"m_-9040847296211948777gmail-m-1573865590971633358msolistparagraph\">Asesor\u00eda Tributaria<u><\/u><u><\/u><\/li>\n<li class=\"m_-9040847296211948777gmail-m-1573865590971633358msolistparagraph\">Asesor\u00eda Legal<u><\/u><u><\/u><\/li>\n<li class=\"m_-9040847296211948777gmail-m-1573865590971633358msolistparagraph\">Estudios de Precios de Transferencia.<u><\/u><u><\/u><\/li>\n<\/ul>\n<p class=\"m_-9040847296211948777gmail-m-1573865590971633358msolistparagraph\">Los valores que rigen nuestro trabajo son: <strong>Calidad, Orden y Compromiso.<\/strong><u><\/u><u><\/u><\/p>\n<p class=\"m_-9040847296211948777gmail-m-1573865590971633358msolistparagraph\">Por favor, no dude en contactarnos al correo\u00a0<a href=\"mailto:info@venegasnexia.com\" target=\"_blank\" rel=\"noopener\">info@venegasnexia.com<\/a>\u00a0para solicitar nuestros servicios.<u><\/u><u><\/u><\/p>\n<p class=\"m_-9040847296211948777gmail-m-1573865590971633358msolistparagraph\">Si desea recibir nuestro bolet\u00edn, escr\u00edbanos al correo\u00a0<a href=\"mailto:actualidad@venegasnexia.com\" target=\"_blank\" rel=\"noopener\">actualidad@venegasnexia.com<\/a><u><\/u><u><\/u><\/p>\n<h3 class=\"m_-9040847296211948777gmail-m-1573865590971633358msolistparagraph\"><strong>Estamos para servirle<\/strong><\/h3>\n<p>[\/vc_cta][\/vc_column][\/vc_row]<\/p>\n<\/div>","protected":false},"excerpt":{"rendered":"<p>Es importante considerar que el IVA es un impuesto sobre el valor a\u00f1adido que recae sobre el precio \u00edntegro de todas las ventas, en todas las fases de producci\u00f3n y distribuci\u00f3n, tambi\u00e9n conocido como impuesto plurif\u00e1sico o en cascada.<\/p>\n","protected":false},"author":1,"featured_media":6442,"comment_status":"closed","ping_status":"open","sticky":false,"template":"","format":"standard","meta":{"_joinchat":[],"footnotes":""},"categories":[4],"tags":[],"class_list":["post-6441","post","type-post","status-publish","format-standard","has-post-thumbnail","hentry","category-actualidad"],"yoast_head":"<!-- This site is optimized with the Yoast SEO plugin v27.4 - https:\/\/yoast.com\/product\/yoast-seo-wordpress\/ -->\n<title>IVA en bienes usados previamente sometidos a depreciaci\u00f3n<\/title>\n<meta name=\"description\" content=\"El IVA es un impuesto sobre el valor a\u00f1adido, sobre el precio \u00edntegro de todas las ventas, en todas las fases de producci\u00f3n y distribuci\u00f3n\" \/>\n<meta name=\"robots\" content=\"index, follow, max-snippet:-1, max-image-preview:large, max-video-preview:-1\" \/>\n<link rel=\"canonical\" href=\"https:\/\/www.venegasnexia.com\/es\/iva-en-bienes-usados-previamente-sometidos-a-depreciacion\/\" \/>\n<meta property=\"og:locale\" content=\"es_ES\" \/>\n<meta property=\"og:type\" content=\"article\" \/>\n<meta property=\"og:title\" content=\"IVA en bienes usados previamente sometidos a depreciaci\u00f3n\" \/>\n<meta property=\"og:description\" content=\"El IVA es un impuesto sobre el valor a\u00f1adido, sobre el precio \u00edntegro de todas las ventas, en todas las fases de producci\u00f3n y distribuci\u00f3n\" \/>\n<meta property=\"og:url\" content=\"https:\/\/www.venegasnexia.com\/es\/iva-en-bienes-usados-previamente-sometidos-a-depreciacion\/\" \/>\n<meta property=\"og:site_name\" content=\"Venegas Nexia\" \/>\n<meta property=\"article:published_time\" content=\"2022-09-06T06:20:25+00:00\" \/>\n<meta property=\"article:modified_time\" content=\"2022-11-01T23:41:25+00:00\" \/>\n<meta property=\"og:image\" content=\"https:\/\/www.venegasnexia.com\/wp-content\/uploads\/2022\/09\/IVA-a-objetos-depreciados.jpg\" \/>\n\t<meta property=\"og:image:width\" content=\"1920\" \/>\n\t<meta property=\"og:image:height\" content=\"1280\" \/>\n\t<meta property=\"og:image:type\" content=\"image\/jpeg\" \/>\n<meta name=\"author\" content=\"Venegas Nexia Costa Rica\" \/>\n<meta name=\"twitter:card\" content=\"summary_large_image\" \/>\n<meta name=\"twitter:label1\" content=\"Escrito por\" \/>\n\t<meta name=\"twitter:data1\" content=\"Venegas Nexia Costa Rica\" \/>\n\t<meta name=\"twitter:label2\" content=\"Tiempo de lectura\" \/>\n\t<meta name=\"twitter:data2\" content=\"5 minutos\" \/>\n<script type=\"application\/ld+json\" class=\"yoast-schema-graph\">{\"@context\":\"https:\\\/\\\/schema.org\",\"@graph\":[{\"@type\":\"Article\",\"@id\":\"https:\\\/\\\/www.venegasnexia.com\\\/es\\\/iva-en-bienes-usados-previamente-sometidos-a-depreciacion\\\/#article\",\"isPartOf\":{\"@id\":\"https:\\\/\\\/www.venegasnexia.com\\\/es\\\/iva-en-bienes-usados-previamente-sometidos-a-depreciacion\\\/\"},\"author\":{\"name\":\"Venegas Nexia Costa Rica\",\"@id\":\"https:\\\/\\\/www.venegasnexia.com\\\/es\\\/#\\\/schema\\\/person\\\/ca87046a5d44f9231e59b3460e8a8379\"},\"headline\":\"IVA en bienes usados previamente sometidos a depreciaci\u00f3n\",\"datePublished\":\"2022-09-06T06:20:25+00:00\",\"dateModified\":\"2022-11-01T23:41:25+00:00\",\"mainEntityOfPage\":{\"@id\":\"https:\\\/\\\/www.venegasnexia.com\\\/es\\\/iva-en-bienes-usados-previamente-sometidos-a-depreciacion\\\/\"},\"wordCount\":1068,\"publisher\":{\"@id\":\"https:\\\/\\\/www.venegasnexia.com\\\/es\\\/#organization\"},\"image\":{\"@id\":\"https:\\\/\\\/www.venegasnexia.com\\\/es\\\/iva-en-bienes-usados-previamente-sometidos-a-depreciacion\\\/#primaryimage\"},\"thumbnailUrl\":\"https:\\\/\\\/www.venegasnexia.com\\\/wp-content\\\/uploads\\\/2022\\\/09\\\/IVA-a-objetos-depreciados.jpg\",\"articleSection\":[\"Actualidad\"],\"inLanguage\":\"es\"},{\"@type\":\"WebPage\",\"@id\":\"https:\\\/\\\/www.venegasnexia.com\\\/es\\\/iva-en-bienes-usados-previamente-sometidos-a-depreciacion\\\/\",\"url\":\"https:\\\/\\\/www.venegasnexia.com\\\/es\\\/iva-en-bienes-usados-previamente-sometidos-a-depreciacion\\\/\",\"name\":\"IVA en bienes usados previamente sometidos a depreciaci\u00f3n\",\"isPartOf\":{\"@id\":\"https:\\\/\\\/www.venegasnexia.com\\\/es\\\/#website\"},\"primaryImageOfPage\":{\"@id\":\"https:\\\/\\\/www.venegasnexia.com\\\/es\\\/iva-en-bienes-usados-previamente-sometidos-a-depreciacion\\\/#primaryimage\"},\"image\":{\"@id\":\"https:\\\/\\\/www.venegasnexia.com\\\/es\\\/iva-en-bienes-usados-previamente-sometidos-a-depreciacion\\\/#primaryimage\"},\"thumbnailUrl\":\"https:\\\/\\\/www.venegasnexia.com\\\/wp-content\\\/uploads\\\/2022\\\/09\\\/IVA-a-objetos-depreciados.jpg\",\"datePublished\":\"2022-09-06T06:20:25+00:00\",\"dateModified\":\"2022-11-01T23:41:25+00:00\",\"description\":\"El IVA es un impuesto sobre el valor a\u00f1adido, sobre el precio \u00edntegro de todas las ventas, en todas las fases de producci\u00f3n y distribuci\u00f3n\",\"breadcrumb\":{\"@id\":\"https:\\\/\\\/www.venegasnexia.com\\\/es\\\/iva-en-bienes-usados-previamente-sometidos-a-depreciacion\\\/#breadcrumb\"},\"inLanguage\":\"es\",\"potentialAction\":[{\"@type\":\"ReadAction\",\"target\":[\"https:\\\/\\\/www.venegasnexia.com\\\/es\\\/iva-en-bienes-usados-previamente-sometidos-a-depreciacion\\\/\"]}]},{\"@type\":\"ImageObject\",\"inLanguage\":\"es\",\"@id\":\"https:\\\/\\\/www.venegasnexia.com\\\/es\\\/iva-en-bienes-usados-previamente-sometidos-a-depreciacion\\\/#primaryimage\",\"url\":\"https:\\\/\\\/www.venegasnexia.com\\\/wp-content\\\/uploads\\\/2022\\\/09\\\/IVA-a-objetos-depreciados.jpg\",\"contentUrl\":\"https:\\\/\\\/www.venegasnexia.com\\\/wp-content\\\/uploads\\\/2022\\\/09\\\/IVA-a-objetos-depreciados.jpg\",\"width\":1920,\"height\":1280},{\"@type\":\"BreadcrumbList\",\"@id\":\"https:\\\/\\\/www.venegasnexia.com\\\/es\\\/iva-en-bienes-usados-previamente-sometidos-a-depreciacion\\\/#breadcrumb\",\"itemListElement\":[{\"@type\":\"ListItem\",\"position\":1,\"name\":\"Inicio\",\"item\":\"https:\\\/\\\/www.venegasnexia.com\\\/es\\\/\"},{\"@type\":\"ListItem\",\"position\":2,\"name\":\"Actualidad\",\"item\":\"https:\\\/\\\/www.venegasnexia.com\\\/es\\\/category\\\/actualidad\\\/\"},{\"@type\":\"ListItem\",\"position\":3,\"name\":\"IVA en bienes usados previamente sometidos a depreciaci\u00f3n\"}]},{\"@type\":\"WebSite\",\"@id\":\"https:\\\/\\\/www.venegasnexia.com\\\/es\\\/#website\",\"url\":\"https:\\\/\\\/www.venegasnexia.com\\\/es\\\/\",\"name\":\"Venegas Nexia\",\"description\":\"Auditores y Consultores\",\"publisher\":{\"@id\":\"https:\\\/\\\/www.venegasnexia.com\\\/es\\\/#organization\"},\"alternateName\":\"Venegas y Colegiados Costa Rica\",\"potentialAction\":[{\"@type\":\"SearchAction\",\"target\":{\"@type\":\"EntryPoint\",\"urlTemplate\":\"https:\\\/\\\/www.venegasnexia.com\\\/es\\\/?s={search_term_string}\"},\"query-input\":{\"@type\":\"PropertyValueSpecification\",\"valueRequired\":true,\"valueName\":\"search_term_string\"}}],\"inLanguage\":\"es\"},{\"@type\":\"Organization\",\"@id\":\"https:\\\/\\\/www.venegasnexia.com\\\/es\\\/#organization\",\"name\":\"Venegas Nexia Costa Rica\",\"url\":\"https:\\\/\\\/www.venegasnexia.com\\\/es\\\/\",\"logo\":{\"@type\":\"ImageObject\",\"inLanguage\":\"es\",\"@id\":\"https:\\\/\\\/www.venegasnexia.com\\\/es\\\/#\\\/schema\\\/logo\\\/image\\\/\",\"url\":\"https:\\\/\\\/www.venegasnexia.com\\\/wp-content\\\/uploads\\\/2022\\\/11\\\/logo_nuevo_espanol.png\",\"contentUrl\":\"https:\\\/\\\/www.venegasnexia.com\\\/wp-content\\\/uploads\\\/2022\\\/11\\\/logo_nuevo_espanol.png\",\"width\":704,\"height\":199,\"caption\":\"Venegas Nexia Costa Rica\"},\"image\":{\"@id\":\"https:\\\/\\\/www.venegasnexia.com\\\/es\\\/#\\\/schema\\\/logo\\\/image\\\/\"}},{\"@type\":\"Person\",\"@id\":\"https:\\\/\\\/www.venegasnexia.com\\\/es\\\/#\\\/schema\\\/person\\\/ca87046a5d44f9231e59b3460e8a8379\",\"name\":\"Venegas Nexia Costa Rica\",\"image\":{\"@type\":\"ImageObject\",\"inLanguage\":\"es\",\"@id\":\"https:\\\/\\\/secure.gravatar.com\\\/avatar\\\/7d7758fc69295c2d81087b6c891a5535708b8e95485c537f9b93d28db5025361?s=96&d=mm&r=g\",\"url\":\"https:\\\/\\\/secure.gravatar.com\\\/avatar\\\/7d7758fc69295c2d81087b6c891a5535708b8e95485c537f9b93d28db5025361?s=96&d=mm&r=g\",\"contentUrl\":\"https:\\\/\\\/secure.gravatar.com\\\/avatar\\\/7d7758fc69295c2d81087b6c891a5535708b8e95485c537f9b93d28db5025361?s=96&d=mm&r=g\",\"caption\":\"Venegas Nexia Costa Rica\"},\"url\":\"https:\\\/\\\/www.venegasnexia.com\\\/es\\\/author\\\/venegassmcrc-admin-gral\\\/\"}]}<\/script>\n<!-- \/ Yoast SEO plugin. -->","yoast_head_json":{"title":"IVA en bienes usados previamente sometidos a depreciaci\u00f3n","description":"El IVA es un impuesto sobre el valor a\u00f1adido, sobre el precio \u00edntegro de todas las ventas, en todas las fases de producci\u00f3n y distribuci\u00f3n","robots":{"index":"index","follow":"follow","max-snippet":"max-snippet:-1","max-image-preview":"max-image-preview:large","max-video-preview":"max-video-preview:-1"},"canonical":"https:\/\/www.venegasnexia.com\/es\/iva-en-bienes-usados-previamente-sometidos-a-depreciacion\/","og_locale":"es_ES","og_type":"article","og_title":"IVA en bienes usados previamente sometidos a depreciaci\u00f3n","og_description":"El IVA es un impuesto sobre el valor a\u00f1adido, sobre el precio \u00edntegro de todas las ventas, en todas las fases de producci\u00f3n y distribuci\u00f3n","og_url":"https:\/\/www.venegasnexia.com\/es\/iva-en-bienes-usados-previamente-sometidos-a-depreciacion\/","og_site_name":"Venegas Nexia","article_published_time":"2022-09-06T06:20:25+00:00","article_modified_time":"2022-11-01T23:41:25+00:00","og_image":[{"width":1920,"height":1280,"url":"https:\/\/www.venegasnexia.com\/wp-content\/uploads\/2022\/09\/IVA-a-objetos-depreciados.jpg","type":"image\/jpeg"}],"author":"Venegas Nexia Costa Rica","twitter_card":"summary_large_image","twitter_misc":{"Escrito por":"Venegas Nexia Costa Rica","Tiempo de lectura":"5 minutos"},"schema":{"@context":"https:\/\/schema.org","@graph":[{"@type":"Article","@id":"https:\/\/www.venegasnexia.com\/es\/iva-en-bienes-usados-previamente-sometidos-a-depreciacion\/#article","isPartOf":{"@id":"https:\/\/www.venegasnexia.com\/es\/iva-en-bienes-usados-previamente-sometidos-a-depreciacion\/"},"author":{"name":"Venegas Nexia Costa Rica","@id":"https:\/\/www.venegasnexia.com\/es\/#\/schema\/person\/ca87046a5d44f9231e59b3460e8a8379"},"headline":"IVA en bienes usados previamente sometidos a depreciaci\u00f3n","datePublished":"2022-09-06T06:20:25+00:00","dateModified":"2022-11-01T23:41:25+00:00","mainEntityOfPage":{"@id":"https:\/\/www.venegasnexia.com\/es\/iva-en-bienes-usados-previamente-sometidos-a-depreciacion\/"},"wordCount":1068,"publisher":{"@id":"https:\/\/www.venegasnexia.com\/es\/#organization"},"image":{"@id":"https:\/\/www.venegasnexia.com\/es\/iva-en-bienes-usados-previamente-sometidos-a-depreciacion\/#primaryimage"},"thumbnailUrl":"https:\/\/www.venegasnexia.com\/wp-content\/uploads\/2022\/09\/IVA-a-objetos-depreciados.jpg","articleSection":["Actualidad"],"inLanguage":"es"},{"@type":"WebPage","@id":"https:\/\/www.venegasnexia.com\/es\/iva-en-bienes-usados-previamente-sometidos-a-depreciacion\/","url":"https:\/\/www.venegasnexia.com\/es\/iva-en-bienes-usados-previamente-sometidos-a-depreciacion\/","name":"IVA en bienes usados previamente sometidos a depreciaci\u00f3n","isPartOf":{"@id":"https:\/\/www.venegasnexia.com\/es\/#website"},"primaryImageOfPage":{"@id":"https:\/\/www.venegasnexia.com\/es\/iva-en-bienes-usados-previamente-sometidos-a-depreciacion\/#primaryimage"},"image":{"@id":"https:\/\/www.venegasnexia.com\/es\/iva-en-bienes-usados-previamente-sometidos-a-depreciacion\/#primaryimage"},"thumbnailUrl":"https:\/\/www.venegasnexia.com\/wp-content\/uploads\/2022\/09\/IVA-a-objetos-depreciados.jpg","datePublished":"2022-09-06T06:20:25+00:00","dateModified":"2022-11-01T23:41:25+00:00","description":"El IVA es un impuesto sobre el valor a\u00f1adido, sobre el precio \u00edntegro de todas las ventas, en todas las fases de producci\u00f3n y distribuci\u00f3n","breadcrumb":{"@id":"https:\/\/www.venegasnexia.com\/es\/iva-en-bienes-usados-previamente-sometidos-a-depreciacion\/#breadcrumb"},"inLanguage":"es","potentialAction":[{"@type":"ReadAction","target":["https:\/\/www.venegasnexia.com\/es\/iva-en-bienes-usados-previamente-sometidos-a-depreciacion\/"]}]},{"@type":"ImageObject","inLanguage":"es","@id":"https:\/\/www.venegasnexia.com\/es\/iva-en-bienes-usados-previamente-sometidos-a-depreciacion\/#primaryimage","url":"https:\/\/www.venegasnexia.com\/wp-content\/uploads\/2022\/09\/IVA-a-objetos-depreciados.jpg","contentUrl":"https:\/\/www.venegasnexia.com\/wp-content\/uploads\/2022\/09\/IVA-a-objetos-depreciados.jpg","width":1920,"height":1280},{"@type":"BreadcrumbList","@id":"https:\/\/www.venegasnexia.com\/es\/iva-en-bienes-usados-previamente-sometidos-a-depreciacion\/#breadcrumb","itemListElement":[{"@type":"ListItem","position":1,"name":"Inicio","item":"https:\/\/www.venegasnexia.com\/es\/"},{"@type":"ListItem","position":2,"name":"Actualidad","item":"https:\/\/www.venegasnexia.com\/es\/category\/actualidad\/"},{"@type":"ListItem","position":3,"name":"IVA en bienes usados previamente sometidos a depreciaci\u00f3n"}]},{"@type":"WebSite","@id":"https:\/\/www.venegasnexia.com\/es\/#website","url":"https:\/\/www.venegasnexia.com\/es\/","name":"Venegas Nexia","description":"Auditores y Consultores","publisher":{"@id":"https:\/\/www.venegasnexia.com\/es\/#organization"},"alternateName":"Venegas y Colegiados Costa Rica","potentialAction":[{"@type":"SearchAction","target":{"@type":"EntryPoint","urlTemplate":"https:\/\/www.venegasnexia.com\/es\/?s={search_term_string}"},"query-input":{"@type":"PropertyValueSpecification","valueRequired":true,"valueName":"search_term_string"}}],"inLanguage":"es"},{"@type":"Organization","@id":"https:\/\/www.venegasnexia.com\/es\/#organization","name":"Venegas Nexia Costa Rica","url":"https:\/\/www.venegasnexia.com\/es\/","logo":{"@type":"ImageObject","inLanguage":"es","@id":"https:\/\/www.venegasnexia.com\/es\/#\/schema\/logo\/image\/","url":"https:\/\/www.venegasnexia.com\/wp-content\/uploads\/2022\/11\/logo_nuevo_espanol.png","contentUrl":"https:\/\/www.venegasnexia.com\/wp-content\/uploads\/2022\/11\/logo_nuevo_espanol.png","width":704,"height":199,"caption":"Venegas Nexia Costa Rica"},"image":{"@id":"https:\/\/www.venegasnexia.com\/es\/#\/schema\/logo\/image\/"}},{"@type":"Person","@id":"https:\/\/www.venegasnexia.com\/es\/#\/schema\/person\/ca87046a5d44f9231e59b3460e8a8379","name":"Venegas Nexia Costa Rica","image":{"@type":"ImageObject","inLanguage":"es","@id":"https:\/\/secure.gravatar.com\/avatar\/7d7758fc69295c2d81087b6c891a5535708b8e95485c537f9b93d28db5025361?s=96&d=mm&r=g","url":"https:\/\/secure.gravatar.com\/avatar\/7d7758fc69295c2d81087b6c891a5535708b8e95485c537f9b93d28db5025361?s=96&d=mm&r=g","contentUrl":"https:\/\/secure.gravatar.com\/avatar\/7d7758fc69295c2d81087b6c891a5535708b8e95485c537f9b93d28db5025361?s=96&d=mm&r=g","caption":"Venegas Nexia Costa Rica"},"url":"https:\/\/www.venegasnexia.com\/es\/author\/venegassmcrc-admin-gral\/"}]}},"_links":{"self":[{"href":"https:\/\/www.venegasnexia.com\/es\/wp-json\/wp\/v2\/posts\/6441","targetHints":{"allow":["GET"]}}],"collection":[{"href":"https:\/\/www.venegasnexia.com\/es\/wp-json\/wp\/v2\/posts"}],"about":[{"href":"https:\/\/www.venegasnexia.com\/es\/wp-json\/wp\/v2\/types\/post"}],"author":[{"embeddable":true,"href":"https:\/\/www.venegasnexia.com\/es\/wp-json\/wp\/v2\/users\/1"}],"replies":[{"embeddable":true,"href":"https:\/\/www.venegasnexia.com\/es\/wp-json\/wp\/v2\/comments?post=6441"}],"version-history":[{"count":0,"href":"https:\/\/www.venegasnexia.com\/es\/wp-json\/wp\/v2\/posts\/6441\/revisions"}],"wp:featuredmedia":[{"embeddable":true,"href":"https:\/\/www.venegasnexia.com\/es\/wp-json\/wp\/v2\/media\/6442"}],"wp:attachment":[{"href":"https:\/\/www.venegasnexia.com\/es\/wp-json\/wp\/v2\/media?parent=6441"}],"wp:term":[{"taxonomy":"category","embeddable":true,"href":"https:\/\/www.venegasnexia.com\/es\/wp-json\/wp\/v2\/categories?post=6441"},{"taxonomy":"post_tag","embeddable":true,"href":"https:\/\/www.venegasnexia.com\/es\/wp-json\/wp\/v2\/tags?post=6441"}],"curies":[{"name":"wp","href":"https:\/\/api.w.org\/{rel}","templated":true}]}}