{"id":6811,"date":"2022-10-03T11:44:08","date_gmt":"2022-10-03T17:44:08","guid":{"rendered":"https:\/\/www.venegasnexia.com\/?p=6811"},"modified":"2022-11-01T17:36:35","modified_gmt":"2022-11-01T23:36:35","slug":"el-iva-en-fase-preoperativa","status":"publish","type":"post","link":"https:\/\/www.venegasnexia.com\/es\/el-iva-en-fase-preoperativa\/","title":{"rendered":"El IVA en Fase Preoperativa"},"content":{"rendered":"<div class=\"wpb-content-wrapper\"><p>[vc_row][vc_column][vc_column_text]<\/p>\n<blockquote>\n<h3 style=\"text-align: justify;\"><strong>DGT-098-2022 del 03 de febrero de 2022, mediante consulta 119:<\/strong><\/h3>\n<p style=\"text-align: justify;\">Concluye que el IVA (Impuesto al Valor Agregado) en fase preoperativa, en la adquisici\u00f3n de bienes y servicios relacionados con la actividad sujeta, podr\u00e1 ser utilizado en su totalidad como cr\u00e9dito fiscal, en la primera declaraci\u00f3n del IVA (D104), al iniciar fase operativa, siempre que se haya realizado la inscripci\u00f3n como contribuyente.<\/p>\n<\/blockquote>\n<h3 style=\"text-align: justify;\">Consulta Concreta<\/h3>\n<p style=\"text-align: justify;\"><strong><em>\u00bfEl Impuesto sobre el Valor Agregado (\u201c\u00bfIVA\u201d) pagado en la adquisici\u00f3n de bienes y servicios directamente relacionados con el desarrollo inmobiliario de [&#8230;] mientras se encuentra en fase preoperativa, se debe reportar en su totalidad como cr\u00e9dito fiscal en la primera declaraci\u00f3n D104 que se presente una vez que inicie la fase operativa?<\/em><\/strong><\/p>\n<h4 style=\"text-align: justify;\">Criterio de Consultante.<\/h4>\n<p style=\"text-align: justify;\">Considera el consultante que los cr\u00e9ditos fiscales generados en fase preoperativa deben ser reportados en la primera declaraci\u00f3n D104 una vez que se inicie la fase operativa por cuanto de conformidad con la Ley de Impuesto sobre el Valor Agregado (LIVA) como regla general, deber\u00eda dar derecho a cr\u00e9dito fiscal el impuesto pagado en la adquisici\u00f3n de bienes y servicios utilizados en la realizaci\u00f3n de operaciones sujetas y no exentas al impuesto.<\/p>\n<p style=\"text-align: justify;\">Considera tambi\u00e9n que de acuerdo con lo anterior se podr\u00eda concluir que el impuesto pagado con anterioridad al inicio de la actividad econ\u00f3mica del contribuyente deber\u00eda dar derecho a cr\u00e9dito fiscal siempre que cumpla con lo siguiente:<\/p>\n<ol>\n<li style=\"text-align: justify;\">Sea necesario para el ejercicio de la actividad sujeta.<\/li>\n<li style=\"text-align: justify;\">La actividad sujeta inicie efectivamente en un plazo m\u00e1ximo de cuatro a\u00f1os.<\/li>\n<\/ol>\n<h4 style=\"text-align: justify;\">Criterio de la Direcci\u00f3n General<\/h4>\n<p style=\"text-align: justify;\">Examinados los hechos indicados en el escrito de consulta y despu\u00e9s de efectuado un an\u00e1lisis de la informaci\u00f3n suministrada, considera esta Direcci\u00f3n General que el IVA pagado por el consultante en la adquisici\u00f3n de bienes y servicios en fase preoperativa, puede ser utilizado como cr\u00e9dito fiscal en la primera declaraci\u00f3n del IVA (D104) que se presente, una vez que inicie la fase operativa, y siempre que se cumpla con lo establecido en el art\u00edculo 17 de la Ley de Impuesto sobre el Valor Agregado (LIVA) y 26 de su reglamento.<\/p>\n<p>[\/vc_column_text][vc_cta h2=\u00bbVenegas y Colegiados, Contadores P\u00fablicos Autorizados, somos representantes de Nexia International en Costa Rica.\u00bb h4=\u00bbContamos con 50 a\u00f1os de experiencia brindando servicios oportunos y de calidad en:\u00bb add_button=\u00bbbottom\u00bb btn_title=\u00bbCONT\u00c1CTENOS\u00bb btn_style=\u00bbcustom\u00bb btn_custom_background=\u00bb#00b2a9&#8243; btn_custom_text=\u00bb#ffffff\u00bb btn_align=\u00bbcenter\u00bb btn_i_align=\u00bbright\u00bb btn_i_icon_fontawesome=\u00bbfas fa-info-circle\u00bb btn_add_icon=\u00bbtrue\u00bb btn_link=\u00bburl:https%3A%2F%2Fwww.venegasnexia.com%2Fes%2Fcontactenos%2F|title:Cont%C3%A1ctenos|rel:nofollow\u00bb]<\/p>\n<ul type=\"disc\">\n<li class=\"m_-9040847296211948777gmail-m-1573865590971633358msolistparagraph\">Auditor\u00eda Externa<u><\/u><u><\/u><\/li>\n<li class=\"m_-9040847296211948777gmail-m-1573865590971633358msolistparagraph\">Auditor\u00eda Interna<u><\/u><u><\/u><\/li>\n<li class=\"m_-9040847296211948777gmail-m-1573865590971633358msolistparagraph\">Certificaciones CPA y CPI<u><\/u><u><\/u><\/li>\n<li class=\"m_-9040847296211948777gmail-m-1573865590971633358msolistparagraph\">Asesor\u00eda Contable y Financiera<u><\/u><u><\/u><\/li>\n<li class=\"m_-9040847296211948777gmail-m-1573865590971633358msolistparagraph\">Outsourcing Contable y Administrativo<u><\/u><u><\/u><\/li>\n<li class=\"m_-9040847296211948777gmail-m-1573865590971633358msolistparagraph\">Asesor\u00eda Tributaria<u><\/u><u><\/u><\/li>\n<li class=\"m_-9040847296211948777gmail-m-1573865590971633358msolistparagraph\">Asesor\u00eda Legal<u><\/u><u><\/u><\/li>\n<li class=\"m_-9040847296211948777gmail-m-1573865590971633358msolistparagraph\">Estudios de Precios de Transferencia.<u><\/u><u><\/u><\/li>\n<\/ul>\n<p class=\"m_-9040847296211948777gmail-m-1573865590971633358msolistparagraph\">Los valores que rigen nuestro trabajo son: <strong>Calidad, Orden y Compromiso.<\/strong><u><\/u><u><\/u><\/p>\n<p class=\"m_-9040847296211948777gmail-m-1573865590971633358msolistparagraph\">Por favor, no dude en contactarnos al correo\u00a0<a href=\"mailto:info@venegasnexia.com\" target=\"_blank\" rel=\"noopener\">info@venegasnexia.com<\/a>\u00a0para solicitar nuestros servicios.<u><\/u><u><\/u><\/p>\n<p class=\"m_-9040847296211948777gmail-m-1573865590971633358msolistparagraph\">Si desea recibir nuestro bolet\u00edn, escr\u00edbanos al correo\u00a0<a href=\"mailto:actualidad@venegasnexia.com\" target=\"_blank\" rel=\"noopener\">actualidad@venegasnexia.com<\/a><u><\/u><u><\/u><\/p>\n<h3 class=\"m_-9040847296211948777gmail-m-1573865590971633358msolistparagraph\"><strong>Estamos para servirle<\/strong><\/h3>\n<p>[\/vc_cta][\/vc_column][\/vc_row]<\/p>\n<\/div>","protected":false},"excerpt":{"rendered":"<p>El IVA pagado por el consultante en la adquisici\u00f3n de bienes y servicios en fase preoperativa, puede ser utilizado como cr\u00e9dito fiscal en la primera declaraci\u00f3n del IVA (D104) que se presente, una vez que inicie la fase operativa<\/p>\n","protected":false},"author":1,"featured_media":6813,"comment_status":"closed","ping_status":"open","sticky":false,"template":"","format":"standard","meta":{"_joinchat":[],"footnotes":""},"categories":[4],"tags":[97,102,106,98],"class_list":["post-6811","post","type-post","status-publish","format-standard","has-post-thumbnail","hentry","category-actualidad","tag-costa-rica","tag-impuestos","tag-iva","tag-personas-juridicas"],"yoast_head":"<!-- This site is optimized with the Yoast SEO plugin v27.4 - https:\/\/yoast.com\/product\/yoast-seo-wordpress\/ -->\n<title>El IVA en Fase Preoperativa<\/title>\n<meta name=\"description\" content=\"El IVA pagado en fase preoperativa, puede ser utilizado como cr\u00e9dito fiscal en la primera declaraci\u00f3n del IVA (D104)\" \/>\n<meta name=\"robots\" content=\"index, follow, max-snippet:-1, max-image-preview:large, max-video-preview:-1\" \/>\n<link rel=\"canonical\" href=\"https:\/\/www.venegasnexia.com\/es\/el-iva-en-fase-preoperativa\/\" \/>\n<meta property=\"og:locale\" content=\"es_ES\" \/>\n<meta property=\"og:type\" content=\"article\" \/>\n<meta property=\"og:title\" content=\"El IVA en Fase Preoperativa\" \/>\n<meta property=\"og:description\" content=\"El IVA pagado en fase preoperativa, puede ser utilizado como cr\u00e9dito fiscal en la primera declaraci\u00f3n del IVA (D104)\" \/>\n<meta property=\"og:url\" content=\"https:\/\/www.venegasnexia.com\/es\/el-iva-en-fase-preoperativa\/\" \/>\n<meta property=\"og:site_name\" content=\"Venegas Nexia\" \/>\n<meta property=\"article:published_time\" content=\"2022-10-03T17:44:08+00:00\" \/>\n<meta property=\"article:modified_time\" content=\"2022-11-01T23:36:35+00:00\" \/>\n<meta property=\"og:image\" content=\"https:\/\/www.venegasnexia.com\/wp-content\/uploads\/2022\/10\/IVA-referido-a-fase-preoperativa-scaled.jpeg\" \/>\n\t<meta property=\"og:image:width\" content=\"2560\" \/>\n\t<meta property=\"og:image:height\" content=\"1707\" \/>\n\t<meta property=\"og:image:type\" content=\"image\/jpeg\" \/>\n<meta name=\"author\" content=\"Venegas Nexia Costa Rica\" \/>\n<meta name=\"twitter:card\" content=\"summary_large_image\" \/>\n<meta name=\"twitter:label1\" content=\"Escrito por\" \/>\n\t<meta name=\"twitter:data1\" content=\"Venegas Nexia Costa Rica\" \/>\n\t<meta name=\"twitter:label2\" content=\"Tiempo de lectura\" \/>\n\t<meta name=\"twitter:data2\" content=\"3 minutos\" \/>\n<script type=\"application\/ld+json\" class=\"yoast-schema-graph\">{\"@context\":\"https:\\\/\\\/schema.org\",\"@graph\":[{\"@type\":\"Article\",\"@id\":\"https:\\\/\\\/www.venegasnexia.com\\\/es\\\/el-iva-en-fase-preoperativa\\\/#article\",\"isPartOf\":{\"@id\":\"https:\\\/\\\/www.venegasnexia.com\\\/es\\\/el-iva-en-fase-preoperativa\\\/\"},\"author\":{\"name\":\"Venegas Nexia Costa Rica\",\"@id\":\"https:\\\/\\\/www.venegasnexia.com\\\/es\\\/#\\\/schema\\\/person\\\/ca87046a5d44f9231e59b3460e8a8379\"},\"headline\":\"El IVA en Fase Preoperativa\",\"datePublished\":\"2022-10-03T17:44:08+00:00\",\"dateModified\":\"2022-11-01T23:36:35+00:00\",\"mainEntityOfPage\":{\"@id\":\"https:\\\/\\\/www.venegasnexia.com\\\/es\\\/el-iva-en-fase-preoperativa\\\/\"},\"wordCount\":549,\"publisher\":{\"@id\":\"https:\\\/\\\/www.venegasnexia.com\\\/es\\\/#organization\"},\"image\":{\"@id\":\"https:\\\/\\\/www.venegasnexia.com\\\/es\\\/el-iva-en-fase-preoperativa\\\/#primaryimage\"},\"thumbnailUrl\":\"https:\\\/\\\/www.venegasnexia.com\\\/wp-content\\\/uploads\\\/2022\\\/10\\\/IVA-referido-a-fase-preoperativa-scaled.jpeg\",\"keywords\":[\"Costa Rica\",\"impuestos\",\"IVA\",\"personas jur\u00eddicas\"],\"articleSection\":[\"Actualidad\"],\"inLanguage\":\"es\"},{\"@type\":\"WebPage\",\"@id\":\"https:\\\/\\\/www.venegasnexia.com\\\/es\\\/el-iva-en-fase-preoperativa\\\/\",\"url\":\"https:\\\/\\\/www.venegasnexia.com\\\/es\\\/el-iva-en-fase-preoperativa\\\/\",\"name\":\"El IVA en Fase Preoperativa\",\"isPartOf\":{\"@id\":\"https:\\\/\\\/www.venegasnexia.com\\\/es\\\/#website\"},\"primaryImageOfPage\":{\"@id\":\"https:\\\/\\\/www.venegasnexia.com\\\/es\\\/el-iva-en-fase-preoperativa\\\/#primaryimage\"},\"image\":{\"@id\":\"https:\\\/\\\/www.venegasnexia.com\\\/es\\\/el-iva-en-fase-preoperativa\\\/#primaryimage\"},\"thumbnailUrl\":\"https:\\\/\\\/www.venegasnexia.com\\\/wp-content\\\/uploads\\\/2022\\\/10\\\/IVA-referido-a-fase-preoperativa-scaled.jpeg\",\"datePublished\":\"2022-10-03T17:44:08+00:00\",\"dateModified\":\"2022-11-01T23:36:35+00:00\",\"description\":\"El IVA pagado en fase preoperativa, puede ser utilizado como cr\u00e9dito fiscal en la primera declaraci\u00f3n del IVA (D104)\",\"breadcrumb\":{\"@id\":\"https:\\\/\\\/www.venegasnexia.com\\\/es\\\/el-iva-en-fase-preoperativa\\\/#breadcrumb\"},\"inLanguage\":\"es\",\"potentialAction\":[{\"@type\":\"ReadAction\",\"target\":[\"https:\\\/\\\/www.venegasnexia.com\\\/es\\\/el-iva-en-fase-preoperativa\\\/\"]}]},{\"@type\":\"ImageObject\",\"inLanguage\":\"es\",\"@id\":\"https:\\\/\\\/www.venegasnexia.com\\\/es\\\/el-iva-en-fase-preoperativa\\\/#primaryimage\",\"url\":\"https:\\\/\\\/www.venegasnexia.com\\\/wp-content\\\/uploads\\\/2022\\\/10\\\/IVA-referido-a-fase-preoperativa-scaled.jpeg\",\"contentUrl\":\"https:\\\/\\\/www.venegasnexia.com\\\/wp-content\\\/uploads\\\/2022\\\/10\\\/IVA-referido-a-fase-preoperativa-scaled.jpeg\",\"width\":2560,\"height\":1707},{\"@type\":\"BreadcrumbList\",\"@id\":\"https:\\\/\\\/www.venegasnexia.com\\\/es\\\/el-iva-en-fase-preoperativa\\\/#breadcrumb\",\"itemListElement\":[{\"@type\":\"ListItem\",\"position\":1,\"name\":\"Inicio\",\"item\":\"https:\\\/\\\/www.venegasnexia.com\\\/es\\\/\"},{\"@type\":\"ListItem\",\"position\":2,\"name\":\"Actualidad\",\"item\":\"https:\\\/\\\/www.venegasnexia.com\\\/es\\\/category\\\/actualidad\\\/\"},{\"@type\":\"ListItem\",\"position\":3,\"name\":\"El IVA en Fase Preoperativa\"}]},{\"@type\":\"WebSite\",\"@id\":\"https:\\\/\\\/www.venegasnexia.com\\\/es\\\/#website\",\"url\":\"https:\\\/\\\/www.venegasnexia.com\\\/es\\\/\",\"name\":\"Venegas Nexia\",\"description\":\"Auditores y Consultores\",\"publisher\":{\"@id\":\"https:\\\/\\\/www.venegasnexia.com\\\/es\\\/#organization\"},\"alternateName\":\"Venegas y Colegiados Costa Rica\",\"potentialAction\":[{\"@type\":\"SearchAction\",\"target\":{\"@type\":\"EntryPoint\",\"urlTemplate\":\"https:\\\/\\\/www.venegasnexia.com\\\/es\\\/?s={search_term_string}\"},\"query-input\":{\"@type\":\"PropertyValueSpecification\",\"valueRequired\":true,\"valueName\":\"search_term_string\"}}],\"inLanguage\":\"es\"},{\"@type\":\"Organization\",\"@id\":\"https:\\\/\\\/www.venegasnexia.com\\\/es\\\/#organization\",\"name\":\"Venegas Nexia Costa Rica\",\"url\":\"https:\\\/\\\/www.venegasnexia.com\\\/es\\\/\",\"logo\":{\"@type\":\"ImageObject\",\"inLanguage\":\"es\",\"@id\":\"https:\\\/\\\/www.venegasnexia.com\\\/es\\\/#\\\/schema\\\/logo\\\/image\\\/\",\"url\":\"https:\\\/\\\/www.venegasnexia.com\\\/wp-content\\\/uploads\\\/2022\\\/11\\\/logo_nuevo_espanol.png\",\"contentUrl\":\"https:\\\/\\\/www.venegasnexia.com\\\/wp-content\\\/uploads\\\/2022\\\/11\\\/logo_nuevo_espanol.png\",\"width\":704,\"height\":199,\"caption\":\"Venegas Nexia Costa Rica\"},\"image\":{\"@id\":\"https:\\\/\\\/www.venegasnexia.com\\\/es\\\/#\\\/schema\\\/logo\\\/image\\\/\"}},{\"@type\":\"Person\",\"@id\":\"https:\\\/\\\/www.venegasnexia.com\\\/es\\\/#\\\/schema\\\/person\\\/ca87046a5d44f9231e59b3460e8a8379\",\"name\":\"Venegas Nexia Costa Rica\",\"image\":{\"@type\":\"ImageObject\",\"inLanguage\":\"es\",\"@id\":\"https:\\\/\\\/secure.gravatar.com\\\/avatar\\\/7d7758fc69295c2d81087b6c891a5535708b8e95485c537f9b93d28db5025361?s=96&d=mm&r=g\",\"url\":\"https:\\\/\\\/secure.gravatar.com\\\/avatar\\\/7d7758fc69295c2d81087b6c891a5535708b8e95485c537f9b93d28db5025361?s=96&d=mm&r=g\",\"contentUrl\":\"https:\\\/\\\/secure.gravatar.com\\\/avatar\\\/7d7758fc69295c2d81087b6c891a5535708b8e95485c537f9b93d28db5025361?s=96&d=mm&r=g\",\"caption\":\"Venegas Nexia Costa Rica\"},\"url\":\"https:\\\/\\\/www.venegasnexia.com\\\/es\\\/author\\\/venegassmcrc-admin-gral\\\/\"}]}<\/script>\n<!-- \/ Yoast SEO plugin. -->","yoast_head_json":{"title":"El IVA en Fase Preoperativa","description":"El IVA pagado en fase preoperativa, puede ser utilizado como cr\u00e9dito fiscal en la primera declaraci\u00f3n del IVA (D104)","robots":{"index":"index","follow":"follow","max-snippet":"max-snippet:-1","max-image-preview":"max-image-preview:large","max-video-preview":"max-video-preview:-1"},"canonical":"https:\/\/www.venegasnexia.com\/es\/el-iva-en-fase-preoperativa\/","og_locale":"es_ES","og_type":"article","og_title":"El IVA en Fase Preoperativa","og_description":"El IVA pagado en fase preoperativa, puede ser utilizado como cr\u00e9dito fiscal en la primera declaraci\u00f3n del IVA (D104)","og_url":"https:\/\/www.venegasnexia.com\/es\/el-iva-en-fase-preoperativa\/","og_site_name":"Venegas Nexia","article_published_time":"2022-10-03T17:44:08+00:00","article_modified_time":"2022-11-01T23:36:35+00:00","og_image":[{"width":2560,"height":1707,"url":"https:\/\/www.venegasnexia.com\/wp-content\/uploads\/2022\/10\/IVA-referido-a-fase-preoperativa-scaled.jpeg","type":"image\/jpeg"}],"author":"Venegas Nexia Costa Rica","twitter_card":"summary_large_image","twitter_misc":{"Escrito por":"Venegas Nexia Costa Rica","Tiempo de lectura":"3 minutos"},"schema":{"@context":"https:\/\/schema.org","@graph":[{"@type":"Article","@id":"https:\/\/www.venegasnexia.com\/es\/el-iva-en-fase-preoperativa\/#article","isPartOf":{"@id":"https:\/\/www.venegasnexia.com\/es\/el-iva-en-fase-preoperativa\/"},"author":{"name":"Venegas Nexia Costa Rica","@id":"https:\/\/www.venegasnexia.com\/es\/#\/schema\/person\/ca87046a5d44f9231e59b3460e8a8379"},"headline":"El IVA en Fase Preoperativa","datePublished":"2022-10-03T17:44:08+00:00","dateModified":"2022-11-01T23:36:35+00:00","mainEntityOfPage":{"@id":"https:\/\/www.venegasnexia.com\/es\/el-iva-en-fase-preoperativa\/"},"wordCount":549,"publisher":{"@id":"https:\/\/www.venegasnexia.com\/es\/#organization"},"image":{"@id":"https:\/\/www.venegasnexia.com\/es\/el-iva-en-fase-preoperativa\/#primaryimage"},"thumbnailUrl":"https:\/\/www.venegasnexia.com\/wp-content\/uploads\/2022\/10\/IVA-referido-a-fase-preoperativa-scaled.jpeg","keywords":["Costa Rica","impuestos","IVA","personas jur\u00eddicas"],"articleSection":["Actualidad"],"inLanguage":"es"},{"@type":"WebPage","@id":"https:\/\/www.venegasnexia.com\/es\/el-iva-en-fase-preoperativa\/","url":"https:\/\/www.venegasnexia.com\/es\/el-iva-en-fase-preoperativa\/","name":"El IVA en Fase Preoperativa","isPartOf":{"@id":"https:\/\/www.venegasnexia.com\/es\/#website"},"primaryImageOfPage":{"@id":"https:\/\/www.venegasnexia.com\/es\/el-iva-en-fase-preoperativa\/#primaryimage"},"image":{"@id":"https:\/\/www.venegasnexia.com\/es\/el-iva-en-fase-preoperativa\/#primaryimage"},"thumbnailUrl":"https:\/\/www.venegasnexia.com\/wp-content\/uploads\/2022\/10\/IVA-referido-a-fase-preoperativa-scaled.jpeg","datePublished":"2022-10-03T17:44:08+00:00","dateModified":"2022-11-01T23:36:35+00:00","description":"El IVA pagado en fase preoperativa, puede ser utilizado como cr\u00e9dito fiscal en la primera declaraci\u00f3n del IVA (D104)","breadcrumb":{"@id":"https:\/\/www.venegasnexia.com\/es\/el-iva-en-fase-preoperativa\/#breadcrumb"},"inLanguage":"es","potentialAction":[{"@type":"ReadAction","target":["https:\/\/www.venegasnexia.com\/es\/el-iva-en-fase-preoperativa\/"]}]},{"@type":"ImageObject","inLanguage":"es","@id":"https:\/\/www.venegasnexia.com\/es\/el-iva-en-fase-preoperativa\/#primaryimage","url":"https:\/\/www.venegasnexia.com\/wp-content\/uploads\/2022\/10\/IVA-referido-a-fase-preoperativa-scaled.jpeg","contentUrl":"https:\/\/www.venegasnexia.com\/wp-content\/uploads\/2022\/10\/IVA-referido-a-fase-preoperativa-scaled.jpeg","width":2560,"height":1707},{"@type":"BreadcrumbList","@id":"https:\/\/www.venegasnexia.com\/es\/el-iva-en-fase-preoperativa\/#breadcrumb","itemListElement":[{"@type":"ListItem","position":1,"name":"Inicio","item":"https:\/\/www.venegasnexia.com\/es\/"},{"@type":"ListItem","position":2,"name":"Actualidad","item":"https:\/\/www.venegasnexia.com\/es\/category\/actualidad\/"},{"@type":"ListItem","position":3,"name":"El IVA en Fase Preoperativa"}]},{"@type":"WebSite","@id":"https:\/\/www.venegasnexia.com\/es\/#website","url":"https:\/\/www.venegasnexia.com\/es\/","name":"Venegas Nexia","description":"Auditores y Consultores","publisher":{"@id":"https:\/\/www.venegasnexia.com\/es\/#organization"},"alternateName":"Venegas y Colegiados Costa Rica","potentialAction":[{"@type":"SearchAction","target":{"@type":"EntryPoint","urlTemplate":"https:\/\/www.venegasnexia.com\/es\/?s={search_term_string}"},"query-input":{"@type":"PropertyValueSpecification","valueRequired":true,"valueName":"search_term_string"}}],"inLanguage":"es"},{"@type":"Organization","@id":"https:\/\/www.venegasnexia.com\/es\/#organization","name":"Venegas Nexia Costa Rica","url":"https:\/\/www.venegasnexia.com\/es\/","logo":{"@type":"ImageObject","inLanguage":"es","@id":"https:\/\/www.venegasnexia.com\/es\/#\/schema\/logo\/image\/","url":"https:\/\/www.venegasnexia.com\/wp-content\/uploads\/2022\/11\/logo_nuevo_espanol.png","contentUrl":"https:\/\/www.venegasnexia.com\/wp-content\/uploads\/2022\/11\/logo_nuevo_espanol.png","width":704,"height":199,"caption":"Venegas Nexia Costa Rica"},"image":{"@id":"https:\/\/www.venegasnexia.com\/es\/#\/schema\/logo\/image\/"}},{"@type":"Person","@id":"https:\/\/www.venegasnexia.com\/es\/#\/schema\/person\/ca87046a5d44f9231e59b3460e8a8379","name":"Venegas Nexia Costa Rica","image":{"@type":"ImageObject","inLanguage":"es","@id":"https:\/\/secure.gravatar.com\/avatar\/7d7758fc69295c2d81087b6c891a5535708b8e95485c537f9b93d28db5025361?s=96&d=mm&r=g","url":"https:\/\/secure.gravatar.com\/avatar\/7d7758fc69295c2d81087b6c891a5535708b8e95485c537f9b93d28db5025361?s=96&d=mm&r=g","contentUrl":"https:\/\/secure.gravatar.com\/avatar\/7d7758fc69295c2d81087b6c891a5535708b8e95485c537f9b93d28db5025361?s=96&d=mm&r=g","caption":"Venegas Nexia Costa Rica"},"url":"https:\/\/www.venegasnexia.com\/es\/author\/venegassmcrc-admin-gral\/"}]}},"_links":{"self":[{"href":"https:\/\/www.venegasnexia.com\/es\/wp-json\/wp\/v2\/posts\/6811","targetHints":{"allow":["GET"]}}],"collection":[{"href":"https:\/\/www.venegasnexia.com\/es\/wp-json\/wp\/v2\/posts"}],"about":[{"href":"https:\/\/www.venegasnexia.com\/es\/wp-json\/wp\/v2\/types\/post"}],"author":[{"embeddable":true,"href":"https:\/\/www.venegasnexia.com\/es\/wp-json\/wp\/v2\/users\/1"}],"replies":[{"embeddable":true,"href":"https:\/\/www.venegasnexia.com\/es\/wp-json\/wp\/v2\/comments?post=6811"}],"version-history":[{"count":0,"href":"https:\/\/www.venegasnexia.com\/es\/wp-json\/wp\/v2\/posts\/6811\/revisions"}],"wp:featuredmedia":[{"embeddable":true,"href":"https:\/\/www.venegasnexia.com\/es\/wp-json\/wp\/v2\/media\/6813"}],"wp:attachment":[{"href":"https:\/\/www.venegasnexia.com\/es\/wp-json\/wp\/v2\/media?parent=6811"}],"wp:term":[{"taxonomy":"category","embeddable":true,"href":"https:\/\/www.venegasnexia.com\/es\/wp-json\/wp\/v2\/categories?post=6811"},{"taxonomy":"post_tag","embeddable":true,"href":"https:\/\/www.venegasnexia.com\/es\/wp-json\/wp\/v2\/tags?post=6811"}],"curies":[{"name":"wp","href":"https:\/\/api.w.org\/{rel}","templated":true}]}}