{"id":6818,"date":"2022-10-03T12:24:21","date_gmt":"2022-10-03T18:24:21","guid":{"rendered":"https:\/\/www.venegasnexia.com\/?p=6818"},"modified":"2023-06-30T09:28:36","modified_gmt":"2023-06-30T15:28:36","slug":"alquiler-de-bienes-inmuebles-e-integracion-de-rentas","status":"publish","type":"post","link":"https:\/\/www.venegasnexia.com\/es\/alquiler-de-bienes-inmuebles-e-integracion-de-rentas\/","title":{"rendered":"Alquiler de Bienes Inmuebles e integraci\u00f3n de rentas"},"content":{"rendered":"<div class=\"wpb-content-wrapper\"><p>[vc_row][vc_column][vc_column_text]<\/p>\n<h2 style=\"text-align: justify;\">Alquiler de Bienes Inmuebles (uso habitacional o comercial) e integraci\u00f3n de rentas (afectaci\u00f3n legal y\/o voluntaria).<\/h2>\n<blockquote>\n<p><em><strong>En DGT-065-2022, del 25 enero de 2022, en respuesta a consulta presentada mediante oficio DSC-084-2020<\/strong>, la Direcci\u00f3n General de Tributaci\u00f3n concluye que para que el contribuyente pueda optar por aplicar el derecho de afectaci\u00f3n voluntaria para trasladar sus rentas de capital inmobiliario en el ISU (Impuesto sobre las utilidades), debe de mantenerse (cumpliendo) con los (dos) requisitos que la normativa establece: a. Tener un empleado sometido a la CCSS y b. durante los 5 a\u00f1os regulados.<\/em><\/p>\n<\/blockquote>\n<h3 style=\"text-align: justify;\">Cuadro f\u00e1ctico y criterio de la consultante.<\/h3>\n<p style=\"text-align: justify;\">La consultante tiene la posici\u00f3n que debe cumplirse con los dos requisitos presentados previamente, menciona que por ello preocupa el criterio emitido desde la Direcci\u00f3n de Recaudaci\u00f3n (correo electr\u00f3nico del 03 de marzo 2020) en el cual se le dio respuesta a una consulta de la Administraci\u00f3n Tributaria de San Jos\u00e9 Oeste, en el que se indic\u00f3 que aunque el obligado tributario ya no cumpla con el requisito del empleado ante la CCSS, debe mantenerse tributando en el <a href=\"https:\/\/www.venegasnexia.com\/wp-content\/uploads\/2022\/10\/nrm_texto_completo.aspx?nValor1=1&amp;nValor2=10969\" target=\"_blank\" rel=\"noopener\"><strong>ISU (Impuesto sobre las utilidades)<\/strong><\/a>, esto debido a que la ley dispone un plazo m\u00ednimo los 5 a\u00f1os de permanencia y no puede aplicarse un cambio a petici\u00f3n de parte.<\/p>\n<p style=\"text-align: justify;\">La consultante estima importante dimensionar claramente el tema de la permanencia en la afectaci\u00f3n del <strong>ISU (Impuesto sobre las utilidades)<\/strong> por el plazo m\u00ednimo de 5 a\u00f1os, ya que si se mantiene el criterio vertido por la Direcci\u00f3n de Recaudaci\u00f3n se estar\u00eda \u201cabriendo un portillo\u201d de elusi\u00f3n fiscal, con importante dimensiones negativas y efectos recaudatorios perniciosos, ya que de mantenerse el criterio indicado implicar\u00eda que muchos obligados tributarios que no cumplen con los requisitos legales establecidos en la norma (concretamente el tema del empleado registrado ante la CCSS), puedan seguir tributando en el<strong> ISU (Impuesto sobre las utilidades) <\/strong>con los beneficios supra indicados, sin tener derecho a ello. Contrario a aquellos que, bajo las mismas condiciones, sin tener tales requisitos (porque no tuvieron ni tienen el empleado ante la CCSS), se han mantenido tributando en el impuesto sobre rentas de capital. Este aspecto evidentemente generar\u00eda una desigualdad abiertamente ilegal y contraria al esp\u00edritu de la norma.<\/p>\n<h4 style=\"text-align: justify;\">Criterio de la Direcci\u00f3n General<\/h4>\n<p style=\"text-align: justify;\">As\u00ed, de no cumplirse con el requisito del empleado, y aunque no hayan transcurrido los 5 a\u00f1os que se mencionan, debe establecerse la posibilidad de que, previa justificaci\u00f3n por parte del obligado tributario, se pueda revocar el beneficio otorgado y proceder a generar la obligaci\u00f3n de tributar en el impuesto sobre las rentas de capital, de conformidad con lo establecido en los art\u00edculos 27, 27 bis, 27 ter y 28 de<strong> Ley del Impuesto sobre la Renta (LISR)<\/strong> y art\u00edculo 3 ter del Reglamento. Por lo tanto, la Direcci\u00f3n de Recaudaci\u00f3n deber\u00e1 ajustar el criterio a lo ac\u00e1 indicado, y deber\u00e1 establecerse el procedimiento que se considere necesario para los efectos.<\/p>\n<h3 style=\"text-align: justify;\">Consideraciones finales.<\/h3>\n<p style=\"text-align: justify;\">La DGT-065-2022 es especialmente rica en el an\u00e1lisis de lo que se conoce como Integraci\u00f3n de rentas por afectaci\u00f3n legal y\/o voluntaria.<\/p>\n<p style=\"text-align: justify;\"><span style=\"color: #33cccc;\"><strong>A.-<\/strong> <\/span>Integraci\u00f3n de rentas por afectaci\u00f3n (afectaci\u00f3n legal). La reforma legal de la Ley de Fortalecimiento de las Finanzas P\u00fablicas introduce un criterio de globalizaci\u00f3n por afectaci\u00f3n. De conformidad con este criterio, las rentas y ganancias de capital provenientes de bienes o derechos afectos a la actividad lucrativa del contribuyente, deber\u00e1n tributar conforme a las disposiciones del <strong>ISU (Impuesto sobre las utilidades)<\/strong>. Al respecto, los art\u00edculos 1, 1 bis, 27 bis y 28 de la <strong>Ley del Impuesto sobre la Renta (LISR)<\/strong>, regulan el tema del tratamiento de las rentas de capital que est\u00e1n afectas al<strong> ISU (Impuesto sobre las utilidades)<\/strong>, y que por tal condici\u00f3n deben permanecer en ese impuesto y no en el Impuesto sobre las Rentas del Capital.<\/p>\n<p style=\"text-align: justify;\">La integraci\u00f3n de rentas gravables se presenta cuando los elementos patrimoniales que sean necesarios y se utilicen para la obtenci\u00f3n de los rendimientos en las rentas de capital, por concepto de arrendamientos, subarrendamientos o constituci\u00f3n o cesi\u00f3n de derechos o facultades de uso o goce de bienes inmuebles, se consideran afectos al Impuesto sobre las Utilidades, debido a que ese patrimonio se utiliza tambi\u00e9n en una actividad que est\u00e1 sujeta a este \u00faltimo impuesto, por lo que en consecuencia las rentas deben integrarse al compartir ambas rentas patrimonios comunes.<\/p>\n<p style=\"text-align: justify;\">De lo anterior, se puede concluir que en los casos en que se presente la afectaci\u00f3n de patrimonios, la integraci\u00f3n de las rentas de capital a las rentas del <strong>ISU (Impuesto sobre las utilidades)<\/strong>, constituye una obligaci\u00f3n que debe reflejarse en los deberes formales y materiales de las obligaciones tributarias. Por ende, su incumplimiento genera las consecuencias previstas en los art\u00edculos 103 inciso b), 124, 144, 150 y 81 del C\u00f3digo de Normas y Procedimientos Tributarios, normas referidas a las facultades de la Administraci\u00f3n Tributaria para la verificaci\u00f3n de oficio de la exactitud de las declaraciones tributarias de los contribuyentes, as\u00ed como a los procedimientos administrativos de sanci\u00f3n administrativa por inexactitud u omisi\u00f3n en el impuesto a declarar.<\/p>\n<p style=\"text-align: justify;\"><strong><span style=\"color: #33cccc;\">B.-<\/span><\/strong> Traslado al Impuesto sobre las Utilidades como opci\u00f3n a la utilizaci\u00f3n de un derecho (afectaci\u00f3n voluntaria). Como se se\u00f1al\u00f3 anteriormente, existen otros supuestos en los que el contribuyente puede elegir mantenerse o trasladarse al <strong>ISU (Impuesto sobre las utilidades)<\/strong>, respecto de las rentas de capital inmobiliario que pertenecen al Cap\u00edtulo XI de la <strong>Ley del Impuesto sobre la Renta (LISR)<\/strong>.<\/p>\n<p style=\"text-align: justify;\">Cuando el patrimonio que se utiliza para generar la renta de capital es distinto o puede dividirse de la parte que genera las rentas sujetas al <strong>ISU (Impuesto sobre las utilidades)<\/strong>, se tiene como consecuencia que no deben integrarse las rentas, al no estar afectos a la actividad lucrativa del contribuyente, seg\u00fan lo dispuesto en el art\u00edculo 1 bis inciso 3) de la <strong>Ley del Impuesto sobre la Renta (LISR)<\/strong>, por lo que las rentas del capital y las ganancias y p\u00e9rdidas del capital que provengan de estos, ser\u00e1n gravables de conformidad con las disposiciones del Impuesto sobre las Rentas de Capital.<\/p>\n<p style=\"text-align: justify;\">De esta forma, la norma reglamentaria, es clara en reconocer el derecho y el requisito que el contribuyente del Impuesto sobre las Rentas de Capital, al optar, elegir y decidir si desea trasladarse a declarar sus rentas del capital inmobiliario en el <strong>ISU (Impuesto sobre las utilidades)<\/strong>, no porque haya afectaci\u00f3n de patrimonios, sino porque la norma le da ese derecho en el tanto cumpla el requisito que el segundo p\u00e1rrafo del art\u00edculo 28 de la <strong>Ley del Impuesto sobre la Renta (LISR)<\/strong>, cual es el comunicar a la Administraci\u00f3n Tributaria que cuenta con un m\u00ednimo de un empleado contratado para efectos de la generaci\u00f3n de las rentas de capital. Por disposici\u00f3n de la norma reglamentaria 3 ter, el empleado debe estar sometido a la Caja Costarricense del Seguro Social y mantenerse por un m\u00ednimo de 5 a\u00f1os, requisito que es acorde con la obligaci\u00f3n en el ISU, de encontrarse al d\u00eda en el pago del seguro social de los empleados para poder deducir el gasto por salarios (art\u00edculo 9, inciso j) de la <strong>LISR<\/strong>) y para ello debe de desempe\u00f1ar funciones acordes a la generaci\u00f3n de las rentas de capital inmobiliario.<\/p>\n<p>[\/vc_column_text][vc_cta h2=\u00bbVenegas y Colegiados, Contadores P\u00fablicos Autorizados, somos representantes de Nexia International en Costa Rica.\u00bb h4=\u00bbContamos con 50 a\u00f1os de experiencia brindando servicios oportunos y de calidad en:\u00bb add_button=\u00bbbottom\u00bb btn_title=\u00bbCONT\u00c1CTENOS\u00bb btn_style=\u00bbcustom\u00bb btn_custom_background=\u00bb#00b2a9&#8243; btn_custom_text=\u00bb#ffffff\u00bb btn_align=\u00bbcenter\u00bb btn_i_align=\u00bbright\u00bb btn_i_icon_fontawesome=\u00bbfas fa-info-circle\u00bb btn_add_icon=\u00bbtrue\u00bb btn_link=\u00bburl:https%3A%2F%2Fwww.venegasnexia.com%2Fes%2Fcontactenos%2F|title:Cont%C3%A1ctenos|rel:nofollow\u00bb]<\/p>\n<ul type=\"disc\">\n<li class=\"m_-9040847296211948777gmail-m-1573865590971633358msolistparagraph\">Auditor\u00eda Externa<u><\/u><u><\/u><\/li>\n<li class=\"m_-9040847296211948777gmail-m-1573865590971633358msolistparagraph\">Auditor\u00eda Interna<u><\/u><u><\/u><\/li>\n<li class=\"m_-9040847296211948777gmail-m-1573865590971633358msolistparagraph\">Certificaciones CPA y CPI<u><\/u><u><\/u><\/li>\n<li class=\"m_-9040847296211948777gmail-m-1573865590971633358msolistparagraph\">Asesor\u00eda Contable y Financiera<u><\/u><u><\/u><\/li>\n<li class=\"m_-9040847296211948777gmail-m-1573865590971633358msolistparagraph\">Outsourcing Contable y Administrativo<u><\/u><u><\/u><\/li>\n<li class=\"m_-9040847296211948777gmail-m-1573865590971633358msolistparagraph\">Asesor\u00eda Tributaria<u><\/u><u><\/u><\/li>\n<li class=\"m_-9040847296211948777gmail-m-1573865590971633358msolistparagraph\">Asesor\u00eda Legal<u><\/u><u><\/u><\/li>\n<li class=\"m_-9040847296211948777gmail-m-1573865590971633358msolistparagraph\">Estudios de Precios de Transferencia.<u><\/u><u><\/u><\/li>\n<\/ul>\n<p class=\"m_-9040847296211948777gmail-m-1573865590971633358msolistparagraph\">Los valores que rigen nuestro trabajo son: <strong>Calidad, Orden y Compromiso.<\/strong><u><\/u><u><\/u><\/p>\n<p class=\"m_-9040847296211948777gmail-m-1573865590971633358msolistparagraph\">Por favor, no dude en contactarnos al correo\u00a0<a href=\"mailto:info@venegasnexia.com\" target=\"_blank\" rel=\"noopener\">info@venegasnexia.com<\/a>\u00a0para solicitar nuestros servicios.<u><\/u><u><\/u><\/p>\n<p class=\"m_-9040847296211948777gmail-m-1573865590971633358msolistparagraph\">Si desea recibir nuestro bolet\u00edn, escr\u00edbanos al correo\u00a0<a href=\"mailto:actualidad@venegasnexia.com\" target=\"_blank\" rel=\"noopener\">actualidad@venegasnexia.com<\/a><u><\/u><u><\/u><\/p>\n<h3 class=\"m_-9040847296211948777gmail-m-1573865590971633358msolistparagraph\"><strong>Estamos para servirle<\/strong><\/h3>\n<p>[\/vc_cta][\/vc_column][\/vc_row]<\/p>\n<\/div>","protected":false},"excerpt":{"rendered":"<p>Para que pueda optar por el derecho de afectaci\u00f3n voluntaria para trasladar sus rentas de capital inmobiliario en el ISU debe de mantenerse con los requisitos: a. Tener un empleado sometido a la CCSS y b. durante los 5 a\u00f1os regulados.<\/p>\n","protected":false},"author":1,"featured_media":6819,"comment_status":"closed","ping_status":"open","sticky":false,"template":"","format":"standard","meta":{"_joinchat":[],"footnotes":""},"categories":[4],"tags":[116,113,97,88],"class_list":["post-6818","post","type-post","status-publish","format-standard","has-post-thumbnail","hentry","category-actualidad","tag-administracion-tributaria","tag-contribuyentes","tag-costa-rica","tag-impuesto-renta"],"yoast_head":"<!-- This site is optimized with the Yoast SEO plugin v27.4 - https:\/\/yoast.com\/product\/yoast-seo-wordpress\/ -->\n<title>Alquiler de Bienes Inmuebles e integraci\u00f3n de rentas<\/title>\n<meta name=\"description\" content=\"Para aplicar el derecho de afectaci\u00f3n voluntaria el contribuyente debe de mantenerse con los requisitos que la normativa establece. Con\u00f3zcalos\" \/>\n<meta name=\"robots\" content=\"index, follow, max-snippet:-1, max-image-preview:large, max-video-preview:-1\" \/>\n<link rel=\"canonical\" href=\"https:\/\/www.venegasnexia.com\/es\/alquiler-de-bienes-inmuebles-e-integracion-de-rentas\/\" \/>\n<meta property=\"og:locale\" content=\"es_ES\" \/>\n<meta property=\"og:type\" content=\"article\" \/>\n<meta property=\"og:title\" content=\"Alquiler de Bienes Inmuebles e integraci\u00f3n de rentas\" \/>\n<meta property=\"og:description\" content=\"Para aplicar el derecho de afectaci\u00f3n voluntaria el contribuyente debe de mantenerse con los requisitos que la normativa establece. Con\u00f3zcalos\" \/>\n<meta property=\"og:url\" content=\"https:\/\/www.venegasnexia.com\/es\/alquiler-de-bienes-inmuebles-e-integracion-de-rentas\/\" \/>\n<meta property=\"og:site_name\" content=\"Venegas Nexia\" \/>\n<meta property=\"article:published_time\" content=\"2022-10-03T18:24:21+00:00\" \/>\n<meta property=\"article:modified_time\" content=\"2023-06-30T15:28:36+00:00\" \/>\n<meta property=\"og:image\" content=\"https:\/\/www.venegasnexia.com\/wp-content\/uploads\/2022\/10\/Alquiler-Bienes-inmuebles.jpeg\" \/>\n\t<meta property=\"og:image:width\" content=\"2016\" \/>\n\t<meta property=\"og:image:height\" content=\"1134\" \/>\n\t<meta property=\"og:image:type\" content=\"image\/jpeg\" \/>\n<meta name=\"author\" content=\"Venegas Nexia Costa Rica\" \/>\n<meta name=\"twitter:card\" content=\"summary_large_image\" \/>\n<meta name=\"twitter:label1\" content=\"Escrito por\" \/>\n\t<meta name=\"twitter:data1\" content=\"Venegas Nexia Costa Rica\" \/>\n\t<meta name=\"twitter:label2\" content=\"Tiempo de lectura\" \/>\n\t<meta name=\"twitter:data2\" content=\"6 minutos\" \/>\n<script type=\"application\/ld+json\" class=\"yoast-schema-graph\">{\"@context\":\"https:\\\/\\\/schema.org\",\"@graph\":[{\"@type\":\"Article\",\"@id\":\"https:\\\/\\\/www.venegasnexia.com\\\/es\\\/alquiler-de-bienes-inmuebles-e-integracion-de-rentas\\\/#article\",\"isPartOf\":{\"@id\":\"https:\\\/\\\/www.venegasnexia.com\\\/es\\\/alquiler-de-bienes-inmuebles-e-integracion-de-rentas\\\/\"},\"author\":{\"name\":\"Venegas Nexia Costa Rica\",\"@id\":\"https:\\\/\\\/www.venegasnexia.com\\\/es\\\/#\\\/schema\\\/person\\\/ca87046a5d44f9231e59b3460e8a8379\"},\"headline\":\"Alquiler de Bienes Inmuebles e integraci\u00f3n de rentas\",\"datePublished\":\"2022-10-03T18:24:21+00:00\",\"dateModified\":\"2023-06-30T15:28:36+00:00\",\"mainEntityOfPage\":{\"@id\":\"https:\\\/\\\/www.venegasnexia.com\\\/es\\\/alquiler-de-bienes-inmuebles-e-integracion-de-rentas\\\/\"},\"wordCount\":1432,\"publisher\":{\"@id\":\"https:\\\/\\\/www.venegasnexia.com\\\/es\\\/#organization\"},\"image\":{\"@id\":\"https:\\\/\\\/www.venegasnexia.com\\\/es\\\/alquiler-de-bienes-inmuebles-e-integracion-de-rentas\\\/#primaryimage\"},\"thumbnailUrl\":\"https:\\\/\\\/www.venegasnexia.com\\\/wp-content\\\/uploads\\\/2022\\\/10\\\/Alquiler-Bienes-inmuebles.jpeg\",\"keywords\":[\"administraci\u00f3n tributaria\",\"Contribuyentes\",\"Costa Rica\",\"impuesto renta\"],\"articleSection\":[\"Actualidad\"],\"inLanguage\":\"es\"},{\"@type\":\"WebPage\",\"@id\":\"https:\\\/\\\/www.venegasnexia.com\\\/es\\\/alquiler-de-bienes-inmuebles-e-integracion-de-rentas\\\/\",\"url\":\"https:\\\/\\\/www.venegasnexia.com\\\/es\\\/alquiler-de-bienes-inmuebles-e-integracion-de-rentas\\\/\",\"name\":\"Alquiler de Bienes Inmuebles e integraci\u00f3n de rentas\",\"isPartOf\":{\"@id\":\"https:\\\/\\\/www.venegasnexia.com\\\/es\\\/#website\"},\"primaryImageOfPage\":{\"@id\":\"https:\\\/\\\/www.venegasnexia.com\\\/es\\\/alquiler-de-bienes-inmuebles-e-integracion-de-rentas\\\/#primaryimage\"},\"image\":{\"@id\":\"https:\\\/\\\/www.venegasnexia.com\\\/es\\\/alquiler-de-bienes-inmuebles-e-integracion-de-rentas\\\/#primaryimage\"},\"thumbnailUrl\":\"https:\\\/\\\/www.venegasnexia.com\\\/wp-content\\\/uploads\\\/2022\\\/10\\\/Alquiler-Bienes-inmuebles.jpeg\",\"datePublished\":\"2022-10-03T18:24:21+00:00\",\"dateModified\":\"2023-06-30T15:28:36+00:00\",\"description\":\"Para aplicar el derecho de afectaci\u00f3n voluntaria el contribuyente debe de mantenerse con los requisitos que la normativa establece. Con\u00f3zcalos\",\"breadcrumb\":{\"@id\":\"https:\\\/\\\/www.venegasnexia.com\\\/es\\\/alquiler-de-bienes-inmuebles-e-integracion-de-rentas\\\/#breadcrumb\"},\"inLanguage\":\"es\",\"potentialAction\":[{\"@type\":\"ReadAction\",\"target\":[\"https:\\\/\\\/www.venegasnexia.com\\\/es\\\/alquiler-de-bienes-inmuebles-e-integracion-de-rentas\\\/\"]}]},{\"@type\":\"ImageObject\",\"inLanguage\":\"es\",\"@id\":\"https:\\\/\\\/www.venegasnexia.com\\\/es\\\/alquiler-de-bienes-inmuebles-e-integracion-de-rentas\\\/#primaryimage\",\"url\":\"https:\\\/\\\/www.venegasnexia.com\\\/wp-content\\\/uploads\\\/2022\\\/10\\\/Alquiler-Bienes-inmuebles.jpeg\",\"contentUrl\":\"https:\\\/\\\/www.venegasnexia.com\\\/wp-content\\\/uploads\\\/2022\\\/10\\\/Alquiler-Bienes-inmuebles.jpeg\",\"width\":2016,\"height\":1134},{\"@type\":\"BreadcrumbList\",\"@id\":\"https:\\\/\\\/www.venegasnexia.com\\\/es\\\/alquiler-de-bienes-inmuebles-e-integracion-de-rentas\\\/#breadcrumb\",\"itemListElement\":[{\"@type\":\"ListItem\",\"position\":1,\"name\":\"Inicio\",\"item\":\"https:\\\/\\\/www.venegasnexia.com\\\/es\\\/\"},{\"@type\":\"ListItem\",\"position\":2,\"name\":\"Actualidad\",\"item\":\"https:\\\/\\\/www.venegasnexia.com\\\/es\\\/category\\\/actualidad\\\/\"},{\"@type\":\"ListItem\",\"position\":3,\"name\":\"Alquiler de Bienes Inmuebles e integraci\u00f3n de rentas\"}]},{\"@type\":\"WebSite\",\"@id\":\"https:\\\/\\\/www.venegasnexia.com\\\/es\\\/#website\",\"url\":\"https:\\\/\\\/www.venegasnexia.com\\\/es\\\/\",\"name\":\"Venegas Nexia\",\"description\":\"Auditores y Consultores\",\"publisher\":{\"@id\":\"https:\\\/\\\/www.venegasnexia.com\\\/es\\\/#organization\"},\"alternateName\":\"Venegas y Colegiados Costa Rica\",\"potentialAction\":[{\"@type\":\"SearchAction\",\"target\":{\"@type\":\"EntryPoint\",\"urlTemplate\":\"https:\\\/\\\/www.venegasnexia.com\\\/es\\\/?s={search_term_string}\"},\"query-input\":{\"@type\":\"PropertyValueSpecification\",\"valueRequired\":true,\"valueName\":\"search_term_string\"}}],\"inLanguage\":\"es\"},{\"@type\":\"Organization\",\"@id\":\"https:\\\/\\\/www.venegasnexia.com\\\/es\\\/#organization\",\"name\":\"Venegas Nexia Costa Rica\",\"url\":\"https:\\\/\\\/www.venegasnexia.com\\\/es\\\/\",\"logo\":{\"@type\":\"ImageObject\",\"inLanguage\":\"es\",\"@id\":\"https:\\\/\\\/www.venegasnexia.com\\\/es\\\/#\\\/schema\\\/logo\\\/image\\\/\",\"url\":\"https:\\\/\\\/www.venegasnexia.com\\\/wp-content\\\/uploads\\\/2022\\\/11\\\/logo_nuevo_espanol.png\",\"contentUrl\":\"https:\\\/\\\/www.venegasnexia.com\\\/wp-content\\\/uploads\\\/2022\\\/11\\\/logo_nuevo_espanol.png\",\"width\":704,\"height\":199,\"caption\":\"Venegas Nexia Costa Rica\"},\"image\":{\"@id\":\"https:\\\/\\\/www.venegasnexia.com\\\/es\\\/#\\\/schema\\\/logo\\\/image\\\/\"}},{\"@type\":\"Person\",\"@id\":\"https:\\\/\\\/www.venegasnexia.com\\\/es\\\/#\\\/schema\\\/person\\\/ca87046a5d44f9231e59b3460e8a8379\",\"name\":\"Venegas Nexia Costa Rica\",\"image\":{\"@type\":\"ImageObject\",\"inLanguage\":\"es\",\"@id\":\"https:\\\/\\\/secure.gravatar.com\\\/avatar\\\/7d7758fc69295c2d81087b6c891a5535708b8e95485c537f9b93d28db5025361?s=96&d=mm&r=g\",\"url\":\"https:\\\/\\\/secure.gravatar.com\\\/avatar\\\/7d7758fc69295c2d81087b6c891a5535708b8e95485c537f9b93d28db5025361?s=96&d=mm&r=g\",\"contentUrl\":\"https:\\\/\\\/secure.gravatar.com\\\/avatar\\\/7d7758fc69295c2d81087b6c891a5535708b8e95485c537f9b93d28db5025361?s=96&d=mm&r=g\",\"caption\":\"Venegas Nexia Costa Rica\"},\"url\":\"https:\\\/\\\/www.venegasnexia.com\\\/es\\\/author\\\/venegassmcrc-admin-gral\\\/\"}]}<\/script>\n<!-- \/ Yoast SEO plugin. -->","yoast_head_json":{"title":"Alquiler de Bienes Inmuebles e integraci\u00f3n de rentas","description":"Para aplicar el derecho de afectaci\u00f3n voluntaria el contribuyente debe de mantenerse con los requisitos que la normativa establece. Con\u00f3zcalos","robots":{"index":"index","follow":"follow","max-snippet":"max-snippet:-1","max-image-preview":"max-image-preview:large","max-video-preview":"max-video-preview:-1"},"canonical":"https:\/\/www.venegasnexia.com\/es\/alquiler-de-bienes-inmuebles-e-integracion-de-rentas\/","og_locale":"es_ES","og_type":"article","og_title":"Alquiler de Bienes Inmuebles e integraci\u00f3n de rentas","og_description":"Para aplicar el derecho de afectaci\u00f3n voluntaria el contribuyente debe de mantenerse con los requisitos que la normativa establece. Con\u00f3zcalos","og_url":"https:\/\/www.venegasnexia.com\/es\/alquiler-de-bienes-inmuebles-e-integracion-de-rentas\/","og_site_name":"Venegas Nexia","article_published_time":"2022-10-03T18:24:21+00:00","article_modified_time":"2023-06-30T15:28:36+00:00","og_image":[{"width":2016,"height":1134,"url":"https:\/\/www.venegasnexia.com\/wp-content\/uploads\/2022\/10\/Alquiler-Bienes-inmuebles.jpeg","type":"image\/jpeg"}],"author":"Venegas Nexia Costa Rica","twitter_card":"summary_large_image","twitter_misc":{"Escrito por":"Venegas Nexia Costa Rica","Tiempo de lectura":"6 minutos"},"schema":{"@context":"https:\/\/schema.org","@graph":[{"@type":"Article","@id":"https:\/\/www.venegasnexia.com\/es\/alquiler-de-bienes-inmuebles-e-integracion-de-rentas\/#article","isPartOf":{"@id":"https:\/\/www.venegasnexia.com\/es\/alquiler-de-bienes-inmuebles-e-integracion-de-rentas\/"},"author":{"name":"Venegas Nexia Costa Rica","@id":"https:\/\/www.venegasnexia.com\/es\/#\/schema\/person\/ca87046a5d44f9231e59b3460e8a8379"},"headline":"Alquiler de Bienes Inmuebles e integraci\u00f3n de rentas","datePublished":"2022-10-03T18:24:21+00:00","dateModified":"2023-06-30T15:28:36+00:00","mainEntityOfPage":{"@id":"https:\/\/www.venegasnexia.com\/es\/alquiler-de-bienes-inmuebles-e-integracion-de-rentas\/"},"wordCount":1432,"publisher":{"@id":"https:\/\/www.venegasnexia.com\/es\/#organization"},"image":{"@id":"https:\/\/www.venegasnexia.com\/es\/alquiler-de-bienes-inmuebles-e-integracion-de-rentas\/#primaryimage"},"thumbnailUrl":"https:\/\/www.venegasnexia.com\/wp-content\/uploads\/2022\/10\/Alquiler-Bienes-inmuebles.jpeg","keywords":["administraci\u00f3n tributaria","Contribuyentes","Costa Rica","impuesto renta"],"articleSection":["Actualidad"],"inLanguage":"es"},{"@type":"WebPage","@id":"https:\/\/www.venegasnexia.com\/es\/alquiler-de-bienes-inmuebles-e-integracion-de-rentas\/","url":"https:\/\/www.venegasnexia.com\/es\/alquiler-de-bienes-inmuebles-e-integracion-de-rentas\/","name":"Alquiler de Bienes Inmuebles e integraci\u00f3n de rentas","isPartOf":{"@id":"https:\/\/www.venegasnexia.com\/es\/#website"},"primaryImageOfPage":{"@id":"https:\/\/www.venegasnexia.com\/es\/alquiler-de-bienes-inmuebles-e-integracion-de-rentas\/#primaryimage"},"image":{"@id":"https:\/\/www.venegasnexia.com\/es\/alquiler-de-bienes-inmuebles-e-integracion-de-rentas\/#primaryimage"},"thumbnailUrl":"https:\/\/www.venegasnexia.com\/wp-content\/uploads\/2022\/10\/Alquiler-Bienes-inmuebles.jpeg","datePublished":"2022-10-03T18:24:21+00:00","dateModified":"2023-06-30T15:28:36+00:00","description":"Para aplicar el derecho de afectaci\u00f3n voluntaria el contribuyente debe de mantenerse con los requisitos que la normativa establece. Con\u00f3zcalos","breadcrumb":{"@id":"https:\/\/www.venegasnexia.com\/es\/alquiler-de-bienes-inmuebles-e-integracion-de-rentas\/#breadcrumb"},"inLanguage":"es","potentialAction":[{"@type":"ReadAction","target":["https:\/\/www.venegasnexia.com\/es\/alquiler-de-bienes-inmuebles-e-integracion-de-rentas\/"]}]},{"@type":"ImageObject","inLanguage":"es","@id":"https:\/\/www.venegasnexia.com\/es\/alquiler-de-bienes-inmuebles-e-integracion-de-rentas\/#primaryimage","url":"https:\/\/www.venegasnexia.com\/wp-content\/uploads\/2022\/10\/Alquiler-Bienes-inmuebles.jpeg","contentUrl":"https:\/\/www.venegasnexia.com\/wp-content\/uploads\/2022\/10\/Alquiler-Bienes-inmuebles.jpeg","width":2016,"height":1134},{"@type":"BreadcrumbList","@id":"https:\/\/www.venegasnexia.com\/es\/alquiler-de-bienes-inmuebles-e-integracion-de-rentas\/#breadcrumb","itemListElement":[{"@type":"ListItem","position":1,"name":"Inicio","item":"https:\/\/www.venegasnexia.com\/es\/"},{"@type":"ListItem","position":2,"name":"Actualidad","item":"https:\/\/www.venegasnexia.com\/es\/category\/actualidad\/"},{"@type":"ListItem","position":3,"name":"Alquiler de Bienes Inmuebles e integraci\u00f3n de rentas"}]},{"@type":"WebSite","@id":"https:\/\/www.venegasnexia.com\/es\/#website","url":"https:\/\/www.venegasnexia.com\/es\/","name":"Venegas Nexia","description":"Auditores y Consultores","publisher":{"@id":"https:\/\/www.venegasnexia.com\/es\/#organization"},"alternateName":"Venegas y Colegiados Costa Rica","potentialAction":[{"@type":"SearchAction","target":{"@type":"EntryPoint","urlTemplate":"https:\/\/www.venegasnexia.com\/es\/?s={search_term_string}"},"query-input":{"@type":"PropertyValueSpecification","valueRequired":true,"valueName":"search_term_string"}}],"inLanguage":"es"},{"@type":"Organization","@id":"https:\/\/www.venegasnexia.com\/es\/#organization","name":"Venegas Nexia Costa Rica","url":"https:\/\/www.venegasnexia.com\/es\/","logo":{"@type":"ImageObject","inLanguage":"es","@id":"https:\/\/www.venegasnexia.com\/es\/#\/schema\/logo\/image\/","url":"https:\/\/www.venegasnexia.com\/wp-content\/uploads\/2022\/11\/logo_nuevo_espanol.png","contentUrl":"https:\/\/www.venegasnexia.com\/wp-content\/uploads\/2022\/11\/logo_nuevo_espanol.png","width":704,"height":199,"caption":"Venegas Nexia Costa Rica"},"image":{"@id":"https:\/\/www.venegasnexia.com\/es\/#\/schema\/logo\/image\/"}},{"@type":"Person","@id":"https:\/\/www.venegasnexia.com\/es\/#\/schema\/person\/ca87046a5d44f9231e59b3460e8a8379","name":"Venegas Nexia Costa Rica","image":{"@type":"ImageObject","inLanguage":"es","@id":"https:\/\/secure.gravatar.com\/avatar\/7d7758fc69295c2d81087b6c891a5535708b8e95485c537f9b93d28db5025361?s=96&d=mm&r=g","url":"https:\/\/secure.gravatar.com\/avatar\/7d7758fc69295c2d81087b6c891a5535708b8e95485c537f9b93d28db5025361?s=96&d=mm&r=g","contentUrl":"https:\/\/secure.gravatar.com\/avatar\/7d7758fc69295c2d81087b6c891a5535708b8e95485c537f9b93d28db5025361?s=96&d=mm&r=g","caption":"Venegas Nexia Costa Rica"},"url":"https:\/\/www.venegasnexia.com\/es\/author\/venegassmcrc-admin-gral\/"}]}},"_links":{"self":[{"href":"https:\/\/www.venegasnexia.com\/es\/wp-json\/wp\/v2\/posts\/6818","targetHints":{"allow":["GET"]}}],"collection":[{"href":"https:\/\/www.venegasnexia.com\/es\/wp-json\/wp\/v2\/posts"}],"about":[{"href":"https:\/\/www.venegasnexia.com\/es\/wp-json\/wp\/v2\/types\/post"}],"author":[{"embeddable":true,"href":"https:\/\/www.venegasnexia.com\/es\/wp-json\/wp\/v2\/users\/1"}],"replies":[{"embeddable":true,"href":"https:\/\/www.venegasnexia.com\/es\/wp-json\/wp\/v2\/comments?post=6818"}],"version-history":[{"count":0,"href":"https:\/\/www.venegasnexia.com\/es\/wp-json\/wp\/v2\/posts\/6818\/revisions"}],"wp:featuredmedia":[{"embeddable":true,"href":"https:\/\/www.venegasnexia.com\/es\/wp-json\/wp\/v2\/media\/6819"}],"wp:attachment":[{"href":"https:\/\/www.venegasnexia.com\/es\/wp-json\/wp\/v2\/media?parent=6818"}],"wp:term":[{"taxonomy":"category","embeddable":true,"href":"https:\/\/www.venegasnexia.com\/es\/wp-json\/wp\/v2\/categories?post=6818"},{"taxonomy":"post_tag","embeddable":true,"href":"https:\/\/www.venegasnexia.com\/es\/wp-json\/wp\/v2\/tags?post=6818"}],"curies":[{"name":"wp","href":"https:\/\/api.w.org\/{rel}","templated":true}]}}