{"id":7596,"date":"2023-01-17T15:26:44","date_gmt":"2023-01-17T21:26:44","guid":{"rendered":"https:\/\/www.venegasnexia.com\/?p=7596"},"modified":"2023-01-17T15:41:02","modified_gmt":"2023-01-17T21:41:02","slug":"feriados-del-2023-en-costa-rica","status":"publish","type":"post","link":"https:\/\/www.venegasnexia.com\/es\/feriados-del-2023-en-costa-rica\/","title":{"rendered":"Feriados del 2023 en Costa Rica"},"content":{"rendered":"<div class=\"wpb-content-wrapper\"><p>[vc_row css=\u00bb.vc_custom_1673984644383{padding-right: 10px !important;}\u00bb][vc_column][vc_column_text]El 2023 trae consigo 12 feriados, de los cuales 3 se traslada su disfrute a lunes y 1 a domingo, seg\u00fan detalla la Ley No. 9875.<\/p>\n<p><strong>Los d\u00edas feriados son los siguientes:<\/strong>[\/vc_column_text]<div class=\"elegant-list-box-container\"><div class=\"elegant-list-box-title elegant-align-center\" style=\"color:#333333;font-size:14px;line-height:16.8px;margin-bottom:-23.8px;\"><span class=\"elegant-list-box-border-round\" style=\"border-color:#00b2a9;border-style:solid;border-width:2px;\">Feriados Costa Rica 2023<\/span><\/div><div class=\"elegant-list-box-items\" style=\"border-color:#00b2a9;border-style:solid;border-width:2px;padding-top:28px;\"><ul class=\"elegant-list-box elegant-checklist elegant-list-box-1 elegant-align-left\" style=\"font-size:14px;line-height:23.8px;\"><li class=\"elegant-list-item elegant-li-item\"><span style=\"background-color:#00b2a9;font-size:12.32px;height:23.8px;width:23.8px;margin-right:9.8px;\" class=\"icon-wrapper circle-yes\"><i class=\"elegant-list-item-icon elegant-li-icon fas fa-hourglass-end\" style=\"color:#ffffff;\"><\/i><\/span><div class=\"elegant-list-item-content elegant-li-item-content\" style=\"margin-left:33.6px;\">Domingo 1\u00b0 de enero: A\u00f1o Nuevo. De pago obligatorio.\n<\/div><\/li><li class=\"elegant-list-item elegant-li-item\"><span style=\"background-color:#00b2a9;font-size:12.32px;height:23.8px;width:23.8px;margin-right:9.8px;\" class=\"icon-wrapper circle-yes\"><i class=\"elegant-list-item-icon elegant-li-icon fas fa-cross\" style=\"color:#ffffff;\"><\/i><\/span><div class=\"elegant-list-item-content elegant-li-item-content\" style=\"margin-left:33.6px;\">Jueves 6 de abril: Semana Santa. De pago obligatorio.<\/div><\/li><li class=\"elegant-list-item elegant-li-item\"><span style=\"background-color:#00b2a9;font-size:12.32px;height:23.8px;width:23.8px;margin-right:9.8px;\" class=\"icon-wrapper circle-yes\"><i class=\"elegant-list-item-icon elegant-li-icon fas fa-cross\" style=\"color:#ffffff;\"><\/i><\/span><div class=\"elegant-list-item-content elegant-li-item-content\" style=\"margin-left:33.6px;\">Viernes 7 de abril: Semana Santa. De pago obligatorio.<\/div><\/li><li class=\"elegant-list-item elegant-li-item\"><span style=\"background-color:#00b2a9;font-size:12.32px;height:23.8px;width:23.8px;margin-right:9.8px;\" class=\"icon-wrapper circle-yes\"><i class=\"elegant-list-item-icon elegant-li-icon far fa-flag\" style=\"color:#ffffff;\"><\/i><\/span><div class=\"elegant-list-item-content elegant-li-item-content\" style=\"margin-left:33.6px;\">Martes 11 de abril: D\u00eda de la Batalla de Rivas, De pago obligatorio. <strong>Se traslada al lunes 10 de abril.<\/strong><\/div><\/li><li class=\"elegant-list-item elegant-li-item\"><span style=\"background-color:#00b2a9;font-size:12.32px;height:23.8px;width:23.8px;margin-right:9.8px;\" class=\"icon-wrapper circle-yes\"><i class=\"elegant-list-item-icon elegant-li-icon fas fa-briefcase\" style=\"color:#ffffff;\"><\/i><\/span><div class=\"elegant-list-item-content elegant-li-item-content\" style=\"margin-left:33.6px;\">Lunes 1\u00b0. de mayo: D\u00eda del Trabajador. De pago obligatorio.<\/div><\/li><li class=\"elegant-list-item elegant-li-item\"><span style=\"background-color:#00b2a9;font-size:12.32px;height:23.8px;width:23.8px;margin-right:9.8px;\" class=\"icon-wrapper circle-yes\"><i class=\"elegant-list-item-icon elegant-li-icon fas fa-flag\" style=\"color:#ffffff;\"><\/i><\/span><div class=\"elegant-list-item-content elegant-li-item-content\" style=\"margin-left:33.6px;\">Martes 25 de julio: D\u00eda de la Anexi\u00f3n del Partido de Nicoya. De pago obligatorio. <strong>Se traslada al lunes 24 de julio.<\/strong>\n<\/div><\/li><li class=\"elegant-list-item elegant-li-item\"><span style=\"background-color:#00b2a9;font-size:12.32px;height:23.8px;width:23.8px;margin-right:9.8px;\" class=\"icon-wrapper circle-yes\"><i class=\"elegant-list-item-icon elegant-li-icon fas fa-church\" style=\"color:#ffffff;\"><\/i><\/span><div class=\"elegant-list-item-content elegant-li-item-content\" style=\"margin-left:33.6px;\">Mi\u00e9rcoles 2 de agosto: D\u00eda de la Virgen de los \u00c1ngeles. De pago no obligatorio.<\/div><\/li><li class=\"elegant-list-item elegant-li-item\"><span style=\"background-color:#00b2a9;font-size:12.32px;height:23.8px;width:23.8px;margin-right:9.8px;\" class=\"icon-wrapper circle-yes\"><i class=\"elegant-list-item-icon elegant-li-icon fas fa-female\" style=\"color:#ffffff;\"><\/i><\/span><div class=\"elegant-list-item-content elegant-li-item-content\" style=\"margin-left:33.6px;\">Martes 15 de agosto: D\u00eda de la Madre. De pago obligatorio. <strong>Se traslada al lunes 14 de agosto. <\/strong><\/div><\/li><li class=\"elegant-list-item elegant-li-item\"><span style=\"background-color:#00b2a9;font-size:12.32px;height:23.8px;width:23.8px;margin-right:9.8px;\" class=\"icon-wrapper circle-yes\"><i class=\"elegant-list-item-icon elegant-li-icon fas fa-globe-africa\" style=\"color:#ffffff;\"><\/i><\/span><div class=\"elegant-list-item-content elegant-li-item-content\" style=\"margin-left:33.6px;\">Jueves 31 de agosto: D\u00eda de la Persona Negra y la Cultura Afro costarricense.  De pago no obligatorio. <strong>\nSe traslada al domingo 3 de setiembre.<\/strong><\/div><\/li><li class=\"elegant-list-item elegant-li-item\"><span style=\"background-color:#00b2a9;font-size:12.32px;height:23.8px;width:23.8px;margin-right:9.8px;\" class=\"icon-wrapper circle-yes\"><i class=\"elegant-list-item-icon elegant-li-icon far fa-bell\" style=\"color:#ffffff;\"><\/i><\/span><div class=\"elegant-list-item-content elegant-li-item-content\" style=\"margin-left:33.6px;\">Viernes 15 de setiembre: D\u00eda de la Independencia. De pago obligatorio.<\/div><\/li><li class=\"elegant-list-item elegant-li-item\"><span style=\"background-color:#00b2a9;font-size:12.32px;height:23.8px;width:23.8px;margin-right:9.8px;\" class=\"icon-wrapper circle-yes\"><i class=\"elegant-list-item-icon elegant-li-icon fas fa-dove\" style=\"color:#ffffff;\"><\/i><\/span><div class=\"elegant-list-item-content elegant-li-item-content\" style=\"margin-left:33.6px;\">Viernes 1\u00b0. de diciembre: D\u00eda de la Abolici\u00f3n del Ej\u00e9rcito. De pago no obligatorio.<\/div><\/li><li class=\"elegant-list-item elegant-li-item\"><span style=\"background-color:#00b2a9;font-size:12.32px;height:23.8px;width:23.8px;margin-right:9.8px;\" class=\"icon-wrapper circle-yes\"><i class=\"elegant-list-item-icon elegant-li-icon fas fa-gift\" style=\"color:#ffffff;\"><\/i><\/span><div class=\"elegant-list-item-content elegant-li-item-content\" style=\"margin-left:33.6px;\">Lunes 25 de diciembre: Navidad. De pago obligatorio<\/div><\/li><\/ul><\/div><\/div>[vc_empty_space][\/vc_column][\/vc_row][vc_row][vc_column][vc_cta add_button=\u00bbbottom\u00bb btn_style=\u00bbcustom\u00bb btn_custom_background=\u00bb#00b2a9&#8243; btn_custom_text=\u00bb#ffffff\u00bb btn_align=\u00bbcenter\u00bb btn_i_align=\u00bbright\u00bb btn_i_icon_fontawesome=\u00bbfas fa-info-circle\u00bb btn_add_icon=\u00bbtrue\u00bb h2=\u00bbVenegas y Colegiados, Contadores P\u00fablicos Autorizados, somos representantes de Nexia International en Costa Rica.\u00bb h4=\u00bbContamos con 50 a\u00f1os de experiencia brindando servicios oportunos y de calidad en:\u00bb btn_title=\u00bbCONT\u00c1CTENOS\u00bb btn_link=\u00bburl:https%3A%2F%2Fwww.venegasnexia.com%2Fes%2Fcontactenos%2F|title:Cont%C3%A1ctenos|rel:nofollow\u00bb]<\/p>\n<ul type=\"disc\">\n<li class=\"m_-9040847296211948777gmail-m-1573865590971633358msolistparagraph\">Auditor\u00eda Externa<u><\/u><u><\/u><\/li>\n<li class=\"m_-9040847296211948777gmail-m-1573865590971633358msolistparagraph\">Auditor\u00eda Interna<u><\/u><u><\/u><\/li>\n<li class=\"m_-9040847296211948777gmail-m-1573865590971633358msolistparagraph\">Certificaciones CPA y CPI<u><\/u><u><\/u><\/li>\n<li class=\"m_-9040847296211948777gmail-m-1573865590971633358msolistparagraph\">Asesor\u00eda Contable y Financiera<u><\/u><u><\/u><\/li>\n<li class=\"m_-9040847296211948777gmail-m-1573865590971633358msolistparagraph\">Outsourcing Contable y Administrativo<u><\/u><u><\/u><\/li>\n<li class=\"m_-9040847296211948777gmail-m-1573865590971633358msolistparagraph\">Asesor\u00eda Tributaria<u><\/u><u><\/u><\/li>\n<li class=\"m_-9040847296211948777gmail-m-1573865590971633358msolistparagraph\">Asesor\u00eda Legal<u><\/u><u><\/u><\/li>\n<li class=\"m_-9040847296211948777gmail-m-1573865590971633358msolistparagraph\">Estudios de Precios de Transferencia.<u><\/u><u><\/u><\/li>\n<\/ul>\n<p class=\"m_-9040847296211948777gmail-m-1573865590971633358msolistparagraph\">Los valores que rigen nuestro trabajo son: <strong>Calidad, Orden y Compromiso.<\/strong><u><\/u><u><\/u><\/p>\n<p class=\"m_-9040847296211948777gmail-m-1573865590971633358msolistparagraph\">Por favor, no dude en contactarnos al correo\u00a0<a href=\"mailto:info@venegasnexia.com\" target=\"_blank\" rel=\"noopener\">info@venegasnexia.com<\/a>\u00a0para solicitar nuestros servicios.<u><\/u><u><\/u><\/p>\n<p class=\"m_-9040847296211948777gmail-m-1573865590971633358msolistparagraph\">Si desea recibir nuestro bolet\u00edn, escr\u00edbanos al correo\u00a0<a href=\"mailto:actualidad@venegasnexia.com\" target=\"_blank\" rel=\"noopener\">actualidad@venegasnexia.com<\/a><u><\/u><u><\/u><\/p>\n<h3 class=\"m_-9040847296211948777gmail-m-1573865590971633358msolistparagraph\"><strong>Estamos para servirle<\/strong><\/h3>\n<p>[\/vc_cta][\/vc_column][\/vc_row]<\/p>\n<\/div>","protected":false},"excerpt":{"rendered":"<p>El a\u00f1o dos mil veintitr\u00e9s trae consigo 12 feriados, de los cuales 3 se traslada su disfrute a lunes y 1 a domingo, seg\u00fan detalla la Ley No. 9875. Con\u00f3zcalos en la p\u00e1gina web de Venegas Nexia. <\/p>\n","protected":false},"author":1,"featured_media":7602,"comment_status":"closed","ping_status":"open","sticky":false,"template":"","format":"standard","meta":{"_joinchat":[],"footnotes":""},"categories":[4],"tags":[],"class_list":["post-7596","post","type-post","status-publish","format-standard","has-post-thumbnail","hentry","category-actualidad"],"yoast_head":"<!-- This site is optimized with the Yoast SEO plugin v27.4 - https:\/\/yoast.com\/product\/yoast-seo-wordpress\/ -->\n<title>Feriados del 2023 en Costa Rica<\/title>\n<meta name=\"description\" content=\"El 2023 trae consigo 12 feriados, de los cuales 3 se traslada su disfrute a lunes y 1 a domingo, seg\u00fan detalla la Ley No. 9875.\" \/>\n<meta name=\"robots\" content=\"index, follow, max-snippet:-1, max-image-preview:large, max-video-preview:-1\" \/>\n<link rel=\"canonical\" href=\"https:\/\/www.venegasnexia.com\/es\/feriados-del-2023-en-costa-rica\/\" \/>\n<meta property=\"og:locale\" content=\"es_ES\" \/>\n<meta property=\"og:type\" content=\"article\" \/>\n<meta property=\"og:title\" content=\"Feriados del 2023 en Costa Rica\" \/>\n<meta property=\"og:description\" content=\"El 2023 trae consigo 12 feriados, de los cuales 3 se traslada su disfrute a lunes y 1 a domingo, seg\u00fan detalla la Ley No. 9875.\" \/>\n<meta property=\"og:url\" content=\"https:\/\/www.venegasnexia.com\/es\/feriados-del-2023-en-costa-rica\/\" \/>\n<meta property=\"og:site_name\" content=\"Venegas Nexia\" \/>\n<meta property=\"article:published_time\" content=\"2023-01-17T21:26:44+00:00\" \/>\n<meta property=\"article:modified_time\" content=\"2023-01-17T21:41:02+00:00\" \/>\n<meta property=\"og:image\" content=\"https:\/\/www.venegasnexia.com\/wp-content\/uploads\/2023\/01\/Feriados-Costa-Rica-2023.png\" \/>\n\t<meta property=\"og:image:width\" content=\"1024\" \/>\n\t<meta property=\"og:image:height\" content=\"683\" \/>\n\t<meta property=\"og:image:type\" content=\"image\/png\" \/>\n<meta name=\"author\" content=\"Venegas Nexia Costa Rica\" \/>\n<meta name=\"twitter:card\" content=\"summary_large_image\" \/>\n<meta name=\"twitter:label1\" content=\"Escrito por\" \/>\n\t<meta name=\"twitter:data1\" content=\"Venegas Nexia Costa Rica\" \/>\n\t<meta name=\"twitter:label2\" content=\"Tiempo de lectura\" \/>\n\t<meta name=\"twitter:data2\" content=\"1 minuto\" \/>\n<script type=\"application\/ld+json\" class=\"yoast-schema-graph\">{\"@context\":\"https:\\\/\\\/schema.org\",\"@graph\":[{\"@type\":\"Article\",\"@id\":\"https:\\\/\\\/www.venegasnexia.com\\\/es\\\/feriados-del-2023-en-costa-rica\\\/#article\",\"isPartOf\":{\"@id\":\"https:\\\/\\\/www.venegasnexia.com\\\/es\\\/feriados-del-2023-en-costa-rica\\\/\"},\"author\":{\"name\":\"Venegas Nexia Costa Rica\",\"@id\":\"https:\\\/\\\/www.venegasnexia.com\\\/es\\\/#\\\/schema\\\/person\\\/ca87046a5d44f9231e59b3460e8a8379\"},\"headline\":\"Feriados del 2023 en Costa Rica\",\"datePublished\":\"2023-01-17T21:26:44+00:00\",\"dateModified\":\"2023-01-17T21:41:02+00:00\",\"mainEntityOfPage\":{\"@id\":\"https:\\\/\\\/www.venegasnexia.com\\\/es\\\/feriados-del-2023-en-costa-rica\\\/\"},\"wordCount\":618,\"publisher\":{\"@id\":\"https:\\\/\\\/www.venegasnexia.com\\\/es\\\/#organization\"},\"image\":{\"@id\":\"https:\\\/\\\/www.venegasnexia.com\\\/es\\\/feriados-del-2023-en-costa-rica\\\/#primaryimage\"},\"thumbnailUrl\":\"https:\\\/\\\/www.venegasnexia.com\\\/wp-content\\\/uploads\\\/2023\\\/01\\\/Feriados-Costa-Rica-2023.png\",\"articleSection\":[\"Actualidad\"],\"inLanguage\":\"es\"},{\"@type\":\"WebPage\",\"@id\":\"https:\\\/\\\/www.venegasnexia.com\\\/es\\\/feriados-del-2023-en-costa-rica\\\/\",\"url\":\"https:\\\/\\\/www.venegasnexia.com\\\/es\\\/feriados-del-2023-en-costa-rica\\\/\",\"name\":\"Feriados del 2023 en Costa Rica\",\"isPartOf\":{\"@id\":\"https:\\\/\\\/www.venegasnexia.com\\\/es\\\/#website\"},\"primaryImageOfPage\":{\"@id\":\"https:\\\/\\\/www.venegasnexia.com\\\/es\\\/feriados-del-2023-en-costa-rica\\\/#primaryimage\"},\"image\":{\"@id\":\"https:\\\/\\\/www.venegasnexia.com\\\/es\\\/feriados-del-2023-en-costa-rica\\\/#primaryimage\"},\"thumbnailUrl\":\"https:\\\/\\\/www.venegasnexia.com\\\/wp-content\\\/uploads\\\/2023\\\/01\\\/Feriados-Costa-Rica-2023.png\",\"datePublished\":\"2023-01-17T21:26:44+00:00\",\"dateModified\":\"2023-01-17T21:41:02+00:00\",\"description\":\"El 2023 trae consigo 12 feriados, de los cuales 3 se traslada su disfrute a lunes y 1 a domingo, seg\u00fan detalla la Ley No. 9875.\",\"breadcrumb\":{\"@id\":\"https:\\\/\\\/www.venegasnexia.com\\\/es\\\/feriados-del-2023-en-costa-rica\\\/#breadcrumb\"},\"inLanguage\":\"es\",\"potentialAction\":[{\"@type\":\"ReadAction\",\"target\":[\"https:\\\/\\\/www.venegasnexia.com\\\/es\\\/feriados-del-2023-en-costa-rica\\\/\"]}]},{\"@type\":\"ImageObject\",\"inLanguage\":\"es\",\"@id\":\"https:\\\/\\\/www.venegasnexia.com\\\/es\\\/feriados-del-2023-en-costa-rica\\\/#primaryimage\",\"url\":\"https:\\\/\\\/www.venegasnexia.com\\\/wp-content\\\/uploads\\\/2023\\\/01\\\/Feriados-Costa-Rica-2023.png\",\"contentUrl\":\"https:\\\/\\\/www.venegasnexia.com\\\/wp-content\\\/uploads\\\/2023\\\/01\\\/Feriados-Costa-Rica-2023.png\",\"width\":1024,\"height\":683},{\"@type\":\"BreadcrumbList\",\"@id\":\"https:\\\/\\\/www.venegasnexia.com\\\/es\\\/feriados-del-2023-en-costa-rica\\\/#breadcrumb\",\"itemListElement\":[{\"@type\":\"ListItem\",\"position\":1,\"name\":\"Inicio\",\"item\":\"https:\\\/\\\/www.venegasnexia.com\\\/es\\\/\"},{\"@type\":\"ListItem\",\"position\":2,\"name\":\"Actualidad\",\"item\":\"https:\\\/\\\/www.venegasnexia.com\\\/es\\\/category\\\/actualidad\\\/\"},{\"@type\":\"ListItem\",\"position\":3,\"name\":\"Feriados del 2023 en Costa Rica\"}]},{\"@type\":\"WebSite\",\"@id\":\"https:\\\/\\\/www.venegasnexia.com\\\/es\\\/#website\",\"url\":\"https:\\\/\\\/www.venegasnexia.com\\\/es\\\/\",\"name\":\"Venegas Nexia\",\"description\":\"Auditores y Consultores\",\"publisher\":{\"@id\":\"https:\\\/\\\/www.venegasnexia.com\\\/es\\\/#organization\"},\"alternateName\":\"Venegas y Colegiados Costa Rica\",\"potentialAction\":[{\"@type\":\"SearchAction\",\"target\":{\"@type\":\"EntryPoint\",\"urlTemplate\":\"https:\\\/\\\/www.venegasnexia.com\\\/es\\\/?s={search_term_string}\"},\"query-input\":{\"@type\":\"PropertyValueSpecification\",\"valueRequired\":true,\"valueName\":\"search_term_string\"}}],\"inLanguage\":\"es\"},{\"@type\":\"Organization\",\"@id\":\"https:\\\/\\\/www.venegasnexia.com\\\/es\\\/#organization\",\"name\":\"Venegas Nexia Costa Rica\",\"url\":\"https:\\\/\\\/www.venegasnexia.com\\\/es\\\/\",\"logo\":{\"@type\":\"ImageObject\",\"inLanguage\":\"es\",\"@id\":\"https:\\\/\\\/www.venegasnexia.com\\\/es\\\/#\\\/schema\\\/logo\\\/image\\\/\",\"url\":\"https:\\\/\\\/www.venegasnexia.com\\\/wp-content\\\/uploads\\\/2022\\\/11\\\/logo_nuevo_espanol.png\",\"contentUrl\":\"https:\\\/\\\/www.venegasnexia.com\\\/wp-content\\\/uploads\\\/2022\\\/11\\\/logo_nuevo_espanol.png\",\"width\":704,\"height\":199,\"caption\":\"Venegas Nexia Costa Rica\"},\"image\":{\"@id\":\"https:\\\/\\\/www.venegasnexia.com\\\/es\\\/#\\\/schema\\\/logo\\\/image\\\/\"}},{\"@type\":\"Person\",\"@id\":\"https:\\\/\\\/www.venegasnexia.com\\\/es\\\/#\\\/schema\\\/person\\\/ca87046a5d44f9231e59b3460e8a8379\",\"name\":\"Venegas Nexia Costa Rica\",\"image\":{\"@type\":\"ImageObject\",\"inLanguage\":\"es\",\"@id\":\"https:\\\/\\\/secure.gravatar.com\\\/avatar\\\/7d7758fc69295c2d81087b6c891a5535708b8e95485c537f9b93d28db5025361?s=96&d=mm&r=g\",\"url\":\"https:\\\/\\\/secure.gravatar.com\\\/avatar\\\/7d7758fc69295c2d81087b6c891a5535708b8e95485c537f9b93d28db5025361?s=96&d=mm&r=g\",\"contentUrl\":\"https:\\\/\\\/secure.gravatar.com\\\/avatar\\\/7d7758fc69295c2d81087b6c891a5535708b8e95485c537f9b93d28db5025361?s=96&d=mm&r=g\",\"caption\":\"Venegas Nexia Costa Rica\"},\"url\":\"https:\\\/\\\/www.venegasnexia.com\\\/es\\\/author\\\/venegassmcrc-admin-gral\\\/\"}]}<\/script>\n<!-- \/ Yoast SEO plugin. -->","yoast_head_json":{"title":"Feriados del 2023 en Costa Rica","description":"El 2023 trae consigo 12 feriados, de los cuales 3 se traslada su disfrute a lunes y 1 a domingo, seg\u00fan detalla la Ley No. 9875.","robots":{"index":"index","follow":"follow","max-snippet":"max-snippet:-1","max-image-preview":"max-image-preview:large","max-video-preview":"max-video-preview:-1"},"canonical":"https:\/\/www.venegasnexia.com\/es\/feriados-del-2023-en-costa-rica\/","og_locale":"es_ES","og_type":"article","og_title":"Feriados del 2023 en Costa Rica","og_description":"El 2023 trae consigo 12 feriados, de los cuales 3 se traslada su disfrute a lunes y 1 a domingo, seg\u00fan detalla la Ley No. 9875.","og_url":"https:\/\/www.venegasnexia.com\/es\/feriados-del-2023-en-costa-rica\/","og_site_name":"Venegas Nexia","article_published_time":"2023-01-17T21:26:44+00:00","article_modified_time":"2023-01-17T21:41:02+00:00","og_image":[{"width":1024,"height":683,"url":"https:\/\/www.venegasnexia.com\/wp-content\/uploads\/2023\/01\/Feriados-Costa-Rica-2023.png","type":"image\/png"}],"author":"Venegas Nexia Costa Rica","twitter_card":"summary_large_image","twitter_misc":{"Escrito por":"Venegas Nexia Costa Rica","Tiempo de lectura":"1 minuto"},"schema":{"@context":"https:\/\/schema.org","@graph":[{"@type":"Article","@id":"https:\/\/www.venegasnexia.com\/es\/feriados-del-2023-en-costa-rica\/#article","isPartOf":{"@id":"https:\/\/www.venegasnexia.com\/es\/feriados-del-2023-en-costa-rica\/"},"author":{"name":"Venegas Nexia Costa Rica","@id":"https:\/\/www.venegasnexia.com\/es\/#\/schema\/person\/ca87046a5d44f9231e59b3460e8a8379"},"headline":"Feriados del 2023 en Costa Rica","datePublished":"2023-01-17T21:26:44+00:00","dateModified":"2023-01-17T21:41:02+00:00","mainEntityOfPage":{"@id":"https:\/\/www.venegasnexia.com\/es\/feriados-del-2023-en-costa-rica\/"},"wordCount":618,"publisher":{"@id":"https:\/\/www.venegasnexia.com\/es\/#organization"},"image":{"@id":"https:\/\/www.venegasnexia.com\/es\/feriados-del-2023-en-costa-rica\/#primaryimage"},"thumbnailUrl":"https:\/\/www.venegasnexia.com\/wp-content\/uploads\/2023\/01\/Feriados-Costa-Rica-2023.png","articleSection":["Actualidad"],"inLanguage":"es"},{"@type":"WebPage","@id":"https:\/\/www.venegasnexia.com\/es\/feriados-del-2023-en-costa-rica\/","url":"https:\/\/www.venegasnexia.com\/es\/feriados-del-2023-en-costa-rica\/","name":"Feriados del 2023 en Costa Rica","isPartOf":{"@id":"https:\/\/www.venegasnexia.com\/es\/#website"},"primaryImageOfPage":{"@id":"https:\/\/www.venegasnexia.com\/es\/feriados-del-2023-en-costa-rica\/#primaryimage"},"image":{"@id":"https:\/\/www.venegasnexia.com\/es\/feriados-del-2023-en-costa-rica\/#primaryimage"},"thumbnailUrl":"https:\/\/www.venegasnexia.com\/wp-content\/uploads\/2023\/01\/Feriados-Costa-Rica-2023.png","datePublished":"2023-01-17T21:26:44+00:00","dateModified":"2023-01-17T21:41:02+00:00","description":"El 2023 trae consigo 12 feriados, de los cuales 3 se traslada su disfrute a lunes y 1 a domingo, seg\u00fan detalla la Ley No. 9875.","breadcrumb":{"@id":"https:\/\/www.venegasnexia.com\/es\/feriados-del-2023-en-costa-rica\/#breadcrumb"},"inLanguage":"es","potentialAction":[{"@type":"ReadAction","target":["https:\/\/www.venegasnexia.com\/es\/feriados-del-2023-en-costa-rica\/"]}]},{"@type":"ImageObject","inLanguage":"es","@id":"https:\/\/www.venegasnexia.com\/es\/feriados-del-2023-en-costa-rica\/#primaryimage","url":"https:\/\/www.venegasnexia.com\/wp-content\/uploads\/2023\/01\/Feriados-Costa-Rica-2023.png","contentUrl":"https:\/\/www.venegasnexia.com\/wp-content\/uploads\/2023\/01\/Feriados-Costa-Rica-2023.png","width":1024,"height":683},{"@type":"BreadcrumbList","@id":"https:\/\/www.venegasnexia.com\/es\/feriados-del-2023-en-costa-rica\/#breadcrumb","itemListElement":[{"@type":"ListItem","position":1,"name":"Inicio","item":"https:\/\/www.venegasnexia.com\/es\/"},{"@type":"ListItem","position":2,"name":"Actualidad","item":"https:\/\/www.venegasnexia.com\/es\/category\/actualidad\/"},{"@type":"ListItem","position":3,"name":"Feriados del 2023 en Costa Rica"}]},{"@type":"WebSite","@id":"https:\/\/www.venegasnexia.com\/es\/#website","url":"https:\/\/www.venegasnexia.com\/es\/","name":"Venegas Nexia","description":"Auditores y Consultores","publisher":{"@id":"https:\/\/www.venegasnexia.com\/es\/#organization"},"alternateName":"Venegas y Colegiados Costa Rica","potentialAction":[{"@type":"SearchAction","target":{"@type":"EntryPoint","urlTemplate":"https:\/\/www.venegasnexia.com\/es\/?s={search_term_string}"},"query-input":{"@type":"PropertyValueSpecification","valueRequired":true,"valueName":"search_term_string"}}],"inLanguage":"es"},{"@type":"Organization","@id":"https:\/\/www.venegasnexia.com\/es\/#organization","name":"Venegas Nexia Costa Rica","url":"https:\/\/www.venegasnexia.com\/es\/","logo":{"@type":"ImageObject","inLanguage":"es","@id":"https:\/\/www.venegasnexia.com\/es\/#\/schema\/logo\/image\/","url":"https:\/\/www.venegasnexia.com\/wp-content\/uploads\/2022\/11\/logo_nuevo_espanol.png","contentUrl":"https:\/\/www.venegasnexia.com\/wp-content\/uploads\/2022\/11\/logo_nuevo_espanol.png","width":704,"height":199,"caption":"Venegas Nexia Costa Rica"},"image":{"@id":"https:\/\/www.venegasnexia.com\/es\/#\/schema\/logo\/image\/"}},{"@type":"Person","@id":"https:\/\/www.venegasnexia.com\/es\/#\/schema\/person\/ca87046a5d44f9231e59b3460e8a8379","name":"Venegas Nexia Costa Rica","image":{"@type":"ImageObject","inLanguage":"es","@id":"https:\/\/secure.gravatar.com\/avatar\/7d7758fc69295c2d81087b6c891a5535708b8e95485c537f9b93d28db5025361?s=96&d=mm&r=g","url":"https:\/\/secure.gravatar.com\/avatar\/7d7758fc69295c2d81087b6c891a5535708b8e95485c537f9b93d28db5025361?s=96&d=mm&r=g","contentUrl":"https:\/\/secure.gravatar.com\/avatar\/7d7758fc69295c2d81087b6c891a5535708b8e95485c537f9b93d28db5025361?s=96&d=mm&r=g","caption":"Venegas Nexia Costa Rica"},"url":"https:\/\/www.venegasnexia.com\/es\/author\/venegassmcrc-admin-gral\/"}]}},"_links":{"self":[{"href":"https:\/\/www.venegasnexia.com\/es\/wp-json\/wp\/v2\/posts\/7596","targetHints":{"allow":["GET"]}}],"collection":[{"href":"https:\/\/www.venegasnexia.com\/es\/wp-json\/wp\/v2\/posts"}],"about":[{"href":"https:\/\/www.venegasnexia.com\/es\/wp-json\/wp\/v2\/types\/post"}],"author":[{"embeddable":true,"href":"https:\/\/www.venegasnexia.com\/es\/wp-json\/wp\/v2\/users\/1"}],"replies":[{"embeddable":true,"href":"https:\/\/www.venegasnexia.com\/es\/wp-json\/wp\/v2\/comments?post=7596"}],"version-history":[{"count":0,"href":"https:\/\/www.venegasnexia.com\/es\/wp-json\/wp\/v2\/posts\/7596\/revisions"}],"wp:featuredmedia":[{"embeddable":true,"href":"https:\/\/www.venegasnexia.com\/es\/wp-json\/wp\/v2\/media\/7602"}],"wp:attachment":[{"href":"https:\/\/www.venegasnexia.com\/es\/wp-json\/wp\/v2\/media?parent=7596"}],"wp:term":[{"taxonomy":"category","embeddable":true,"href":"https:\/\/www.venegasnexia.com\/es\/wp-json\/wp\/v2\/categories?post=7596"},{"taxonomy":"post_tag","embeddable":true,"href":"https:\/\/www.venegasnexia.com\/es\/wp-json\/wp\/v2\/tags?post=7596"}],"curies":[{"name":"wp","href":"https:\/\/api.w.org\/{rel}","templated":true}]}}