{"id":9124,"date":"2023-07-20T17:36:54","date_gmt":"2023-07-20T23:36:54","guid":{"rendered":"https:\/\/www.venegasnexia.com\/?p=9124"},"modified":"2024-12-10T11:11:53","modified_gmt":"2024-12-10T17:11:53","slug":"entro-en-vigor-el-13-de-iva-al-sector-turismo","status":"publish","type":"post","link":"https:\/\/www.venegasnexia.com\/es\/entro-en-vigor-el-13-de-iva-al-sector-turismo\/","title":{"rendered":"Entr\u00f3 en vigor el 13% de IVA al sector turismo"},"content":{"rendered":"<div class=\"wpb-content-wrapper\"><p>[vc_row full_width=\u00bbstretch_row_content\u00bb css=\u00bb.vc_custom_1726728176558{background-color: #00323C !important;}\u00bb][vc_column width=\u00bb1\/3&#8243;][\/vc_column][vc_column width=\u00bb1\/3&#8243;][vc_custom_heading font_container=\u00bbtag:h1|font_size:28|text_align:center|color:%23FFFFFF\u00bb google_fonts=\u00bbfont_family:Raleway%3A100%2C200%2C300%2Cregular%2C500%2C600%2C700%2C800%2C900|font_style:900%20bold%20regular%3A900%3Anormal\u00bb css=\u00bb\u00bb text=\u00bbBlog de Finanzas e Impuestos\u00bb]<div class=\"elegant-empty-space space-vertical elegant-clearfix\" style=\"height:15px;\"><\/div><div class=\"elegant-text-block\" style=\"font-family:Raleway;font-weight:600;font-style:normal;font-size:21px;line-height:1em;\"><\/p>\n<p style=\"text-align: center;\"><span style=\"color: #ffffff;\"><a style=\"color: #ffffff;\" href=\"https:\/\/www.venegasnexia.com\/es\/blog-de-finanzas-e-impuestos-directorio-de-publicaciones\/\">TODAS<\/a>\u00a0 \u00a0 \u00a0 \u00a0 <a style=\"color: #ffffff;\" href=\"https:\/\/www.venegasnexia.com\/es\/blog-finanzas\/\">FINANZAS<\/a>\u00a0 \u00a0 \u00a0 \u00a0 <a style=\"color: #ffffff;\" href=\"https:\/\/www.venegasnexia.com\/es\/blog-impuestos\/\">IMPUESTOS<\/a><\/span><\/p>\n<p><\/div><div class=\"elegant-empty-space space-vertical elegant-clearfix\" style=\"height:15px;\"><\/div><div class=\"elegant-search-form elegant-search-form-classic\" style=\"height:41px;\"><form role=\"search\" class=\"searchform\" method=\"get\" action=\"https:\/\/www.venegasnexia.com\/es\/\"><div class=\"elegant-search-form-wrapper\"><div class=\"elegant-search-form-field\" style=\"width: calc( 100% - 60px );height: calc( 41px - ( 1px * 2 ) );background-color:#fafafa;border-color:#eaeaea;border-width:1px;border-radius:0px;\"><span class=\"screen-reader-text\">Search for:<\/span><input type=\"search\" autocomplete=\"off\" value=\"\" name=\"s\" class=\"s elegant-search-input\" placeholder=\"B\u00fasqueda\" aria-required=\"true\" aria-label=\"B\u00fasqueda\"><\/div><div class=\"elegant-search-form-button\" style=\"width:60px;background-color:#CAC7C7;color:#000000;stroke:#000000;border-radius:0px;\"><button class=\"elegant-search-submit searchsubmit button-type-icon\" style=\"height: calc( 41px - ( 1px * 2 ) );\" type=\"submit\" aria-label=\"Search\"><div class=\"elegant-search-icon\"><svg width=\"22\" height=\"22\" viewBox=\"0 0 24 24\" fill=\"none\" xmlns=\"http:\/\/www.w3.org\/2000\/svg\" data-reactroot=\"\">\n\t<path stroke-linejoin=\"round\" stroke-linecap=\"round\" stroke-width=\"2\" stroke=\"inherit\" fill=\"none\" d=\"M9.5 17C13.6421 17 17 13.6421 17 9.5C17 5.35786 13.6421 2 9.5 2C5.35786 2 2 5.35786 2 9.5C2 13.6421 5.35786 17 9.5 17Z\"><\/path>\n\t<path stroke-linejoin=\"round\" stroke-linecap=\"round\" stroke-width=\"2\" stroke=\"inherit\" d=\"M22 22L14.8 14.8\"><\/path>\n\t<\/svg><\/div><\/button><\/div><\/div><\/form><\/div><div class=\"elegant-empty-space space-vertical elegant-clearfix\" style=\"height:35px;\"><\/div>[\/vc_column][vc_column width=\u00bb1\/3&#8243;][\/vc_column][\/vc_row][vc_row][vc_column width=\u00bb2\/3&#8243;][vc_column_text]<\/p>\n<h2 style=\"text-align: justify;\">A partir del 1 de julio 2023, entr\u00f3 en vigor el 13% de IVA al sector turismo.<\/h2>\n<p style=\"text-align: justify;\">Desde el 1 de julio, se ha implementado un 13% de IVA en el sector turismo. Esta medida se basa en un transitorio incorporado en la Ley de Fortalecimiento de las Finanzas P\u00fablicas (Ley 9635) de 2019, que posteriormente fue extendido por los diputados en agosto de 2020 debido a la pandemia del coronavirus.<\/p>\n<p style=\"text-align: justify;\">El sector tur\u00edstico ha experimentado cambios en las normas fiscales en los \u00faltimos a\u00f1os. Los servicios tur\u00edsticos pagaron una tarifa del 4% desde el 1 de julio de 2020 hasta el 19 de agosto del mismo a\u00f1o. Luego, estuvieron exentos de impuestos desde el 20 de agosto de 2020 hasta el 30 de junio del a\u00f1o siguiente.<\/p>\n<p style=\"text-align: justify;\">Desde el 1 de julio de 2021 hasta el 30 de junio de 2022, se aplic\u00f3 nuevamente una tarifa reducida del 4%, para luego aumentarla al 8% desde el 1 de julio de 2022 hasta el pasado 30 de junio, y finalmente llegar al nuevo cobro del 13%.<\/p>\n<p style=\"text-align: justify;\">Las c\u00e1maras de empresarios del sector turismo afirman que, aunque ten\u00edan expectativas de alcanzar este porcentaje, la competencia internacional es muy intensa y la depreciaci\u00f3n del tipo de cambio del d\u00f3lar coloca al pa\u00eds en una posici\u00f3n desfavorable.<\/p>\n<p>[\/vc_column_text][\/vc_column][vc_column width=\u00bb1\/3&#8243;][vc_widget_sidebar sidebar_id=\u00bbdynamic-sidebar\u00bb][\/vc_column][\/vc_row][vc_row h2=\u00bbVenegas y Colegiados, Contadores P\u00fablicos Autorizados, somos representantes de Nexia International en Costa Rica.\u00bb use_custom_fonts_h2=\u00bb\u00bb h2_font_container=\u00bbtag:h2|text_align:left\u00bb h2_use_theme_fonts=\u00bb\u00bb h2_google_fonts=\u00bbfont_family:Abril%20Fatface%3Aregular|font_style:400%20regular%3A400%3Anormal\u00bb h2_css_animation=\u00bb\u00bb h4=\u00bbContamos con 50 a\u00f1os de experiencia brindando servicios oportunos y de calidad en:\u00bb use_custom_fonts_h4=\u00bb\u00bb h4_font_container=\u00bbtag:h4|text_align:left\u00bb h4_use_theme_fonts=\u00bb\u00bb h4_google_fonts=\u00bbfont_family:Abril%20Fatface%3Aregular|font_style:400%20regular%3A400%3Anormal\u00bb h4_css_animation=\u00bb\u00bb txt_align=\u00bbleft\u00bb shape=\u00bbrounded\u00bb style=\u00bbclassic\u00bb color=\u00bbclassic\u00bb el_width=\u00bb\u00bb add_button=\u00bbbottom\u00bb btn_title=\u00bbCONT\u00c1CTENOS\u00bb btn_style=\u00bbcustom\u00bb btn_gradient_color_1=\u00bbturquoise\u00bb btn_gradient_color_2=\u00bbblue\u00bb btn_gradient_custom_color_1=\u00bb#dd3333&#8243; btn_gradient_custom_color_2=\u00bb#eeee22&#8243; btn_gradient_text_color=\u00bb#ffffff\u00bb btn_custom_background=\u00bb#00b2a9&#8243; btn_custom_text=\u00bb#ffffff\u00bb btn_outline_custom_color=\u00bb#666&#8243; btn_outline_custom_hover_background=\u00bb#666&#8243; btn_outline_custom_hover_text=\u00bb#fff\u00bb btn_shape=\u00bbrounded\u00bb btn_color=\u00bbgrey\u00bb btn_size=\u00bbmd\u00bb btn_align=\u00bbcenter\u00bb btn_button_block=\u00bb\u00bb btn_add_icon=\u00bbtrue\u00bb btn_i_align=\u00bbright\u00bb btn_i_type=\u00bbfontawesome\u00bb btn_i_icon_fontawesome=\u00bbfas fa-info-circle\u00bb btn_i_icon_openiconic=\u00bbvc-oi vc-oi-dial\u00bb btn_i_icon_typicons=\u00bbtypcn typcn-adjust-brightness\u00bb btn_i_icon_entypo=\u00bbentypo-icon entypo-icon-note\u00bb btn_i_icon_linecons=\u00bbvc_li vc_li-heart\u00bb btn_i_icon_monosocial=\u00bbvc-mono vc-mono-fivehundredpx\u00bb btn_i_icon_material=\u00bbvc-material vc-material-cake\u00bb btn_i_icon_pixelicons=\u00bbvc_pixel_icon vc_pixel_icon-alert\u00bb btn_css_animation=\u00bb\u00bb btn_custom_onclick=\u00bb\u00bb add_icon=\u00bb\u00bb i_on_border=\u00bb\u00bb i_type=\u00bbfontawesome\u00bb i_icon_fontawesome=\u00bbfas fa-adjust\u00bb i_icon_openiconic=\u00bbvc-oi vc-oi-dial\u00bb i_icon_typicons=\u00bbtypcn typcn-adjust-brightness\u00bb i_icon_entypo=\u00bbentypo-icon entypo-icon-note\u00bb i_icon_linecons=\u00bbvc_li vc_li-heart\u00bb i_icon_monosocial=\u00bbvc-mono vc-mono-fivehundredpx\u00bb i_icon_material=\u00bbvc-material vc-material-cake\u00bb i_color=\u00bbblue\u00bb i_background_style=\u00bb\u00bb i_background_color=\u00bbgrey\u00bb i_size=\u00bbmd\u00bb i_css_animation=\u00bb\u00bb btn_link=\u00bburl:https%3A%2F%2Fwww.venegasnexia.com%2Fes%2Fcontactenos%2F|title:Cont%C3%A1ctenos|rel:nofollow\u00bb h2_link=\u00bb\u00bb h2_el_id=\u00bb\u00bb h2_el_class=\u00bb\u00bb h4_link=\u00bb\u00bb h4_el_id=\u00bb\u00bb h4_el_class=\u00bb\u00bb custom_background=\u00bb\u00bb custom_text=\u00bb\u00bb btn_el_id=\u00bb\u00bb btn_el_class=\u00bb\u00bb btn_custom_onclick_code=\u00bb\u00bb i_custom_color=\u00bb\u00bb i_custom_background_color=\u00bb\u00bb i_link=\u00bb\u00bb i_el_id=\u00bb\u00bb i_el_class=\u00bb\u00bb][vc_column][vc_cta add_button=\u00bbbottom\u00bb btn_style=\u00bbcustom\u00bb btn_custom_background=\u00bb#00b2a9&#8243; btn_custom_text=\u00bb#ffffff\u00bb btn_align=\u00bbcenter\u00bb btn_i_align=\u00bbright\u00bb btn_i_icon_fontawesome=\u00bbfas fa-info-circle\u00bb btn_add_icon=\u00bbtrue\u00bb h2=\u00bbVenegas y Colegiados, Contadores P\u00fablicos Autorizados, somos representantes de Nexia International en Costa Rica.\u00bb h4=\u00bbContamos con 50 a\u00f1os de experiencia brindando servicios oportunos y de calidad en:\u00bb btn_title=\u00bbCONT\u00c1CTENOS\u00bb btn_link=\u00bburl:https%3A%2F%2Fwww.venegasnexia.com%2Fes%2Fcontactenos%2F|title:Cont%C3%A1ctenos|rel:nofollow\u00bb]<\/p>\n<ul type=\"disc\">\n<li class=\"m_-9040847296211948777gmail-m-1573865590971633358msolistparagraph\">Auditor\u00eda Externa<u><\/u><u><\/u><\/li>\n<li class=\"m_-9040847296211948777gmail-m-1573865590971633358msolistparagraph\">Auditor\u00eda Interna<u><\/u><u><\/u><\/li>\n<li class=\"m_-9040847296211948777gmail-m-1573865590971633358msolistparagraph\">Certificaciones CPA y CPI<u><\/u><u><\/u><\/li>\n<li class=\"m_-9040847296211948777gmail-m-1573865590971633358msolistparagraph\">Asesor\u00eda Contable y Financiera<u><\/u><u><\/u><\/li>\n<li class=\"m_-9040847296211948777gmail-m-1573865590971633358msolistparagraph\">Outsourcing Contable y Administrativo<u><\/u><u><\/u><\/li>\n<li class=\"m_-9040847296211948777gmail-m-1573865590971633358msolistparagraph\">Asesor\u00eda Tributaria<u><\/u><u><\/u><\/li>\n<li class=\"m_-9040847296211948777gmail-m-1573865590971633358msolistparagraph\">Asesor\u00eda Legal<u><\/u><u><\/u><\/li>\n<li class=\"m_-9040847296211948777gmail-m-1573865590971633358msolistparagraph\">Estudios de Precios de Transferencia.<u><\/u><u><\/u><\/li>\n<\/ul>\n<p class=\"m_-9040847296211948777gmail-m-1573865590971633358msolistparagraph\">Los valores que rigen nuestro trabajo son: <strong>Calidad, Orden y Compromiso.<\/strong><u><\/u><u><\/u><\/p>\n<p class=\"m_-9040847296211948777gmail-m-1573865590971633358msolistparagraph\">Por favor, no dude en contactarnos al correo\u00a0<a href=\"mailto:info@venegasnexia.com\" target=\"_blank\" rel=\"noopener\">info@venegasnexia.com<\/a>\u00a0para solicitar nuestros servicios.<u><\/u><u><\/u><\/p>\n<p class=\"m_-9040847296211948777gmail-m-1573865590971633358msolistparagraph\">Si desea recibir nuestro bolet\u00edn, escr\u00edbanos al correo\u00a0<a href=\"mailto:actualidad@venegasnexia.com\" target=\"_blank\" rel=\"noopener\">actualidad@venegasnexia.com<\/a><u><\/u><u><\/u><\/p>\n<h3 class=\"m_-9040847296211948777gmail-m-1573865590971633358msolistparagraph\"><strong>Estamos para servirle<\/strong><\/h3>\n<p>[\/vc_cta][\/vc_column][\/vc_row]<\/p>\n<\/div>","protected":false},"excerpt":{"rendered":"<p>Desde el 1 de julio, se ha implementado un 13% de IVA en el sector turismo. Esta medida se basa en un transitorio incorporado en la Ley de Fortalecimiento de las Finanzas P\u00fablicas (Ley 9635) de 2019<\/p>\n","protected":false},"author":1,"featured_media":9131,"comment_status":"closed","ping_status":"open","sticky":false,"template":"","format":"standard","meta":{"_joinchat":[],"footnotes":""},"categories":[4,162,163],"tags":[],"class_list":["post-9124","post","type-post","status-publish","format-standard","has-post-thumbnail","hentry","category-actualidad","category-blog-finanzas-e-impuestos","category-impuestos"],"yoast_head":"<!-- This site is optimized with the Yoast SEO plugin v27.4 - https:\/\/yoast.com\/product\/yoast-seo-wordpress\/ -->\n<title>Entr\u00f3 en vigor el 13% de IVA al sector turismo<\/title>\n<meta name=\"description\" content=\"Desde el 1 de julio se ha implementado un 13% de IVA en el sector turismo. Parte de los cambios en las normas fiscales en los \u00faltimos a\u00f1os.\" \/>\n<meta name=\"robots\" content=\"index, follow, max-snippet:-1, max-image-preview:large, max-video-preview:-1\" \/>\n<link rel=\"canonical\" href=\"https:\/\/www.venegasnexia.com\/es\/entro-en-vigor-el-13-de-iva-al-sector-turismo\/\" \/>\n<meta property=\"og:locale\" content=\"es_ES\" \/>\n<meta property=\"og:type\" content=\"article\" \/>\n<meta property=\"og:title\" content=\"Entr\u00f3 en vigor el 13% de IVA al sector turismo\" \/>\n<meta property=\"og:description\" content=\"Desde el 1 de julio se ha implementado un 13% de IVA en el sector turismo. Parte de los cambios en las normas fiscales en los \u00faltimos a\u00f1os.\" \/>\n<meta property=\"og:url\" content=\"https:\/\/www.venegasnexia.com\/es\/entro-en-vigor-el-13-de-iva-al-sector-turismo\/\" \/>\n<meta property=\"og:site_name\" content=\"Venegas Nexia\" \/>\n<meta property=\"article:published_time\" content=\"2023-07-20T23:36:54+00:00\" \/>\n<meta property=\"article:modified_time\" content=\"2024-12-10T17:11:53+00:00\" \/>\n<meta property=\"og:image\" content=\"https:\/\/www.venegasnexia.com\/wp-content\/uploads\/2023\/07\/07-02-IVA-Servicios-turisticos-2.jpg\" \/>\n\t<meta property=\"og:image:width\" content=\"1024\" \/>\n\t<meta property=\"og:image:height\" content=\"683\" \/>\n\t<meta property=\"og:image:type\" content=\"image\/jpeg\" \/>\n<meta name=\"author\" content=\"Venegas Nexia Costa Rica\" \/>\n<meta name=\"twitter:card\" content=\"summary_large_image\" \/>\n<meta name=\"twitter:label1\" content=\"Escrito por\" \/>\n\t<meta name=\"twitter:data1\" content=\"Venegas Nexia Costa Rica\" \/>\n\t<meta name=\"twitter:label2\" content=\"Tiempo de lectura\" \/>\n\t<meta name=\"twitter:data2\" content=\"3 minutos\" \/>\n<script type=\"application\/ld+json\" class=\"yoast-schema-graph\">{\"@context\":\"https:\\\/\\\/schema.org\",\"@graph\":[{\"@type\":\"Article\",\"@id\":\"https:\\\/\\\/www.venegasnexia.com\\\/es\\\/entro-en-vigor-el-13-de-iva-al-sector-turismo\\\/#article\",\"isPartOf\":{\"@id\":\"https:\\\/\\\/www.venegasnexia.com\\\/es\\\/entro-en-vigor-el-13-de-iva-al-sector-turismo\\\/\"},\"author\":{\"name\":\"Venegas Nexia Costa Rica\",\"@id\":\"https:\\\/\\\/www.venegasnexia.com\\\/es\\\/#\\\/schema\\\/person\\\/ca87046a5d44f9231e59b3460e8a8379\"},\"headline\":\"Entr\u00f3 en vigor el 13% de IVA al sector turismo\",\"datePublished\":\"2023-07-20T23:36:54+00:00\",\"dateModified\":\"2024-12-10T17:11:53+00:00\",\"mainEntityOfPage\":{\"@id\":\"https:\\\/\\\/www.venegasnexia.com\\\/es\\\/entro-en-vigor-el-13-de-iva-al-sector-turismo\\\/\"},\"wordCount\":968,\"publisher\":{\"@id\":\"https:\\\/\\\/www.venegasnexia.com\\\/es\\\/#organization\"},\"image\":{\"@id\":\"https:\\\/\\\/www.venegasnexia.com\\\/es\\\/entro-en-vigor-el-13-de-iva-al-sector-turismo\\\/#primaryimage\"},\"thumbnailUrl\":\"https:\\\/\\\/www.venegasnexia.com\\\/wp-content\\\/uploads\\\/2023\\\/07\\\/07-02-IVA-Servicios-turisticos-2.jpg\",\"articleSection\":[\"Actualidad\",\"Blog Venegas Nexia\",\"Impuestos\"],\"inLanguage\":\"es\"},{\"@type\":\"WebPage\",\"@id\":\"https:\\\/\\\/www.venegasnexia.com\\\/es\\\/entro-en-vigor-el-13-de-iva-al-sector-turismo\\\/\",\"url\":\"https:\\\/\\\/www.venegasnexia.com\\\/es\\\/entro-en-vigor-el-13-de-iva-al-sector-turismo\\\/\",\"name\":\"Entr\u00f3 en vigor el 13% de IVA al sector turismo\",\"isPartOf\":{\"@id\":\"https:\\\/\\\/www.venegasnexia.com\\\/es\\\/#website\"},\"primaryImageOfPage\":{\"@id\":\"https:\\\/\\\/www.venegasnexia.com\\\/es\\\/entro-en-vigor-el-13-de-iva-al-sector-turismo\\\/#primaryimage\"},\"image\":{\"@id\":\"https:\\\/\\\/www.venegasnexia.com\\\/es\\\/entro-en-vigor-el-13-de-iva-al-sector-turismo\\\/#primaryimage\"},\"thumbnailUrl\":\"https:\\\/\\\/www.venegasnexia.com\\\/wp-content\\\/uploads\\\/2023\\\/07\\\/07-02-IVA-Servicios-turisticos-2.jpg\",\"datePublished\":\"2023-07-20T23:36:54+00:00\",\"dateModified\":\"2024-12-10T17:11:53+00:00\",\"description\":\"Desde el 1 de julio se ha implementado un 13% de IVA en el sector turismo. Parte de los cambios en las normas fiscales en los \u00faltimos a\u00f1os.\",\"breadcrumb\":{\"@id\":\"https:\\\/\\\/www.venegasnexia.com\\\/es\\\/entro-en-vigor-el-13-de-iva-al-sector-turismo\\\/#breadcrumb\"},\"inLanguage\":\"es\",\"potentialAction\":[{\"@type\":\"ReadAction\",\"target\":[\"https:\\\/\\\/www.venegasnexia.com\\\/es\\\/entro-en-vigor-el-13-de-iva-al-sector-turismo\\\/\"]}]},{\"@type\":\"ImageObject\",\"inLanguage\":\"es\",\"@id\":\"https:\\\/\\\/www.venegasnexia.com\\\/es\\\/entro-en-vigor-el-13-de-iva-al-sector-turismo\\\/#primaryimage\",\"url\":\"https:\\\/\\\/www.venegasnexia.com\\\/wp-content\\\/uploads\\\/2023\\\/07\\\/07-02-IVA-Servicios-turisticos-2.jpg\",\"contentUrl\":\"https:\\\/\\\/www.venegasnexia.com\\\/wp-content\\\/uploads\\\/2023\\\/07\\\/07-02-IVA-Servicios-turisticos-2.jpg\",\"width\":1024,\"height\":683},{\"@type\":\"BreadcrumbList\",\"@id\":\"https:\\\/\\\/www.venegasnexia.com\\\/es\\\/entro-en-vigor-el-13-de-iva-al-sector-turismo\\\/#breadcrumb\",\"itemListElement\":[{\"@type\":\"ListItem\",\"position\":1,\"name\":\"Inicio\",\"item\":\"https:\\\/\\\/www.venegasnexia.com\\\/es\\\/\"},{\"@type\":\"ListItem\",\"position\":2,\"name\":\"Actualidad\",\"item\":\"https:\\\/\\\/www.venegasnexia.com\\\/es\\\/category\\\/actualidad\\\/\"},{\"@type\":\"ListItem\",\"position\":3,\"name\":\"Entr\u00f3 en vigor el 13% de IVA al sector turismo\"}]},{\"@type\":\"WebSite\",\"@id\":\"https:\\\/\\\/www.venegasnexia.com\\\/es\\\/#website\",\"url\":\"https:\\\/\\\/www.venegasnexia.com\\\/es\\\/\",\"name\":\"Venegas Nexia\",\"description\":\"Auditores y Consultores\",\"publisher\":{\"@id\":\"https:\\\/\\\/www.venegasnexia.com\\\/es\\\/#organization\"},\"alternateName\":\"Venegas y Colegiados Costa Rica\",\"potentialAction\":[{\"@type\":\"SearchAction\",\"target\":{\"@type\":\"EntryPoint\",\"urlTemplate\":\"https:\\\/\\\/www.venegasnexia.com\\\/es\\\/?s={search_term_string}\"},\"query-input\":{\"@type\":\"PropertyValueSpecification\",\"valueRequired\":true,\"valueName\":\"search_term_string\"}}],\"inLanguage\":\"es\"},{\"@type\":\"Organization\",\"@id\":\"https:\\\/\\\/www.venegasnexia.com\\\/es\\\/#organization\",\"name\":\"Venegas Nexia Costa Rica\",\"url\":\"https:\\\/\\\/www.venegasnexia.com\\\/es\\\/\",\"logo\":{\"@type\":\"ImageObject\",\"inLanguage\":\"es\",\"@id\":\"https:\\\/\\\/www.venegasnexia.com\\\/es\\\/#\\\/schema\\\/logo\\\/image\\\/\",\"url\":\"https:\\\/\\\/www.venegasnexia.com\\\/wp-content\\\/uploads\\\/2022\\\/11\\\/logo_nuevo_espanol.png\",\"contentUrl\":\"https:\\\/\\\/www.venegasnexia.com\\\/wp-content\\\/uploads\\\/2022\\\/11\\\/logo_nuevo_espanol.png\",\"width\":704,\"height\":199,\"caption\":\"Venegas Nexia Costa Rica\"},\"image\":{\"@id\":\"https:\\\/\\\/www.venegasnexia.com\\\/es\\\/#\\\/schema\\\/logo\\\/image\\\/\"}},{\"@type\":\"Person\",\"@id\":\"https:\\\/\\\/www.venegasnexia.com\\\/es\\\/#\\\/schema\\\/person\\\/ca87046a5d44f9231e59b3460e8a8379\",\"name\":\"Venegas Nexia Costa Rica\",\"image\":{\"@type\":\"ImageObject\",\"inLanguage\":\"es\",\"@id\":\"https:\\\/\\\/secure.gravatar.com\\\/avatar\\\/7d7758fc69295c2d81087b6c891a5535708b8e95485c537f9b93d28db5025361?s=96&d=mm&r=g\",\"url\":\"https:\\\/\\\/secure.gravatar.com\\\/avatar\\\/7d7758fc69295c2d81087b6c891a5535708b8e95485c537f9b93d28db5025361?s=96&d=mm&r=g\",\"contentUrl\":\"https:\\\/\\\/secure.gravatar.com\\\/avatar\\\/7d7758fc69295c2d81087b6c891a5535708b8e95485c537f9b93d28db5025361?s=96&d=mm&r=g\",\"caption\":\"Venegas Nexia Costa Rica\"},\"url\":\"https:\\\/\\\/www.venegasnexia.com\\\/es\\\/author\\\/venegassmcrc-admin-gral\\\/\"}]}<\/script>\n<!-- \/ Yoast SEO plugin. -->","yoast_head_json":{"title":"Entr\u00f3 en vigor el 13% de IVA al sector turismo","description":"Desde el 1 de julio se ha implementado un 13% de IVA en el sector turismo. Parte de los cambios en las normas fiscales en los \u00faltimos a\u00f1os.","robots":{"index":"index","follow":"follow","max-snippet":"max-snippet:-1","max-image-preview":"max-image-preview:large","max-video-preview":"max-video-preview:-1"},"canonical":"https:\/\/www.venegasnexia.com\/es\/entro-en-vigor-el-13-de-iva-al-sector-turismo\/","og_locale":"es_ES","og_type":"article","og_title":"Entr\u00f3 en vigor el 13% de IVA al sector turismo","og_description":"Desde el 1 de julio se ha implementado un 13% de IVA en el sector turismo. Parte de los cambios en las normas fiscales en los \u00faltimos a\u00f1os.","og_url":"https:\/\/www.venegasnexia.com\/es\/entro-en-vigor-el-13-de-iva-al-sector-turismo\/","og_site_name":"Venegas Nexia","article_published_time":"2023-07-20T23:36:54+00:00","article_modified_time":"2024-12-10T17:11:53+00:00","og_image":[{"width":1024,"height":683,"url":"https:\/\/www.venegasnexia.com\/wp-content\/uploads\/2023\/07\/07-02-IVA-Servicios-turisticos-2.jpg","type":"image\/jpeg"}],"author":"Venegas Nexia Costa Rica","twitter_card":"summary_large_image","twitter_misc":{"Escrito por":"Venegas Nexia Costa Rica","Tiempo de lectura":"3 minutos"},"schema":{"@context":"https:\/\/schema.org","@graph":[{"@type":"Article","@id":"https:\/\/www.venegasnexia.com\/es\/entro-en-vigor-el-13-de-iva-al-sector-turismo\/#article","isPartOf":{"@id":"https:\/\/www.venegasnexia.com\/es\/entro-en-vigor-el-13-de-iva-al-sector-turismo\/"},"author":{"name":"Venegas Nexia Costa Rica","@id":"https:\/\/www.venegasnexia.com\/es\/#\/schema\/person\/ca87046a5d44f9231e59b3460e8a8379"},"headline":"Entr\u00f3 en vigor el 13% de IVA al sector turismo","datePublished":"2023-07-20T23:36:54+00:00","dateModified":"2024-12-10T17:11:53+00:00","mainEntityOfPage":{"@id":"https:\/\/www.venegasnexia.com\/es\/entro-en-vigor-el-13-de-iva-al-sector-turismo\/"},"wordCount":968,"publisher":{"@id":"https:\/\/www.venegasnexia.com\/es\/#organization"},"image":{"@id":"https:\/\/www.venegasnexia.com\/es\/entro-en-vigor-el-13-de-iva-al-sector-turismo\/#primaryimage"},"thumbnailUrl":"https:\/\/www.venegasnexia.com\/wp-content\/uploads\/2023\/07\/07-02-IVA-Servicios-turisticos-2.jpg","articleSection":["Actualidad","Blog Venegas Nexia","Impuestos"],"inLanguage":"es"},{"@type":"WebPage","@id":"https:\/\/www.venegasnexia.com\/es\/entro-en-vigor-el-13-de-iva-al-sector-turismo\/","url":"https:\/\/www.venegasnexia.com\/es\/entro-en-vigor-el-13-de-iva-al-sector-turismo\/","name":"Entr\u00f3 en vigor el 13% de IVA al sector turismo","isPartOf":{"@id":"https:\/\/www.venegasnexia.com\/es\/#website"},"primaryImageOfPage":{"@id":"https:\/\/www.venegasnexia.com\/es\/entro-en-vigor-el-13-de-iva-al-sector-turismo\/#primaryimage"},"image":{"@id":"https:\/\/www.venegasnexia.com\/es\/entro-en-vigor-el-13-de-iva-al-sector-turismo\/#primaryimage"},"thumbnailUrl":"https:\/\/www.venegasnexia.com\/wp-content\/uploads\/2023\/07\/07-02-IVA-Servicios-turisticos-2.jpg","datePublished":"2023-07-20T23:36:54+00:00","dateModified":"2024-12-10T17:11:53+00:00","description":"Desde el 1 de julio se ha implementado un 13% de IVA en el sector turismo. Parte de los cambios en las normas fiscales en los \u00faltimos a\u00f1os.","breadcrumb":{"@id":"https:\/\/www.venegasnexia.com\/es\/entro-en-vigor-el-13-de-iva-al-sector-turismo\/#breadcrumb"},"inLanguage":"es","potentialAction":[{"@type":"ReadAction","target":["https:\/\/www.venegasnexia.com\/es\/entro-en-vigor-el-13-de-iva-al-sector-turismo\/"]}]},{"@type":"ImageObject","inLanguage":"es","@id":"https:\/\/www.venegasnexia.com\/es\/entro-en-vigor-el-13-de-iva-al-sector-turismo\/#primaryimage","url":"https:\/\/www.venegasnexia.com\/wp-content\/uploads\/2023\/07\/07-02-IVA-Servicios-turisticos-2.jpg","contentUrl":"https:\/\/www.venegasnexia.com\/wp-content\/uploads\/2023\/07\/07-02-IVA-Servicios-turisticos-2.jpg","width":1024,"height":683},{"@type":"BreadcrumbList","@id":"https:\/\/www.venegasnexia.com\/es\/entro-en-vigor-el-13-de-iva-al-sector-turismo\/#breadcrumb","itemListElement":[{"@type":"ListItem","position":1,"name":"Inicio","item":"https:\/\/www.venegasnexia.com\/es\/"},{"@type":"ListItem","position":2,"name":"Actualidad","item":"https:\/\/www.venegasnexia.com\/es\/category\/actualidad\/"},{"@type":"ListItem","position":3,"name":"Entr\u00f3 en vigor el 13% de IVA al sector turismo"}]},{"@type":"WebSite","@id":"https:\/\/www.venegasnexia.com\/es\/#website","url":"https:\/\/www.venegasnexia.com\/es\/","name":"Venegas Nexia","description":"Auditores y Consultores","publisher":{"@id":"https:\/\/www.venegasnexia.com\/es\/#organization"},"alternateName":"Venegas y Colegiados Costa Rica","potentialAction":[{"@type":"SearchAction","target":{"@type":"EntryPoint","urlTemplate":"https:\/\/www.venegasnexia.com\/es\/?s={search_term_string}"},"query-input":{"@type":"PropertyValueSpecification","valueRequired":true,"valueName":"search_term_string"}}],"inLanguage":"es"},{"@type":"Organization","@id":"https:\/\/www.venegasnexia.com\/es\/#organization","name":"Venegas Nexia Costa Rica","url":"https:\/\/www.venegasnexia.com\/es\/","logo":{"@type":"ImageObject","inLanguage":"es","@id":"https:\/\/www.venegasnexia.com\/es\/#\/schema\/logo\/image\/","url":"https:\/\/www.venegasnexia.com\/wp-content\/uploads\/2022\/11\/logo_nuevo_espanol.png","contentUrl":"https:\/\/www.venegasnexia.com\/wp-content\/uploads\/2022\/11\/logo_nuevo_espanol.png","width":704,"height":199,"caption":"Venegas Nexia Costa Rica"},"image":{"@id":"https:\/\/www.venegasnexia.com\/es\/#\/schema\/logo\/image\/"}},{"@type":"Person","@id":"https:\/\/www.venegasnexia.com\/es\/#\/schema\/person\/ca87046a5d44f9231e59b3460e8a8379","name":"Venegas Nexia Costa Rica","image":{"@type":"ImageObject","inLanguage":"es","@id":"https:\/\/secure.gravatar.com\/avatar\/7d7758fc69295c2d81087b6c891a5535708b8e95485c537f9b93d28db5025361?s=96&d=mm&r=g","url":"https:\/\/secure.gravatar.com\/avatar\/7d7758fc69295c2d81087b6c891a5535708b8e95485c537f9b93d28db5025361?s=96&d=mm&r=g","contentUrl":"https:\/\/secure.gravatar.com\/avatar\/7d7758fc69295c2d81087b6c891a5535708b8e95485c537f9b93d28db5025361?s=96&d=mm&r=g","caption":"Venegas Nexia Costa Rica"},"url":"https:\/\/www.venegasnexia.com\/es\/author\/venegassmcrc-admin-gral\/"}]}},"_links":{"self":[{"href":"https:\/\/www.venegasnexia.com\/es\/wp-json\/wp\/v2\/posts\/9124","targetHints":{"allow":["GET"]}}],"collection":[{"href":"https:\/\/www.venegasnexia.com\/es\/wp-json\/wp\/v2\/posts"}],"about":[{"href":"https:\/\/www.venegasnexia.com\/es\/wp-json\/wp\/v2\/types\/post"}],"author":[{"embeddable":true,"href":"https:\/\/www.venegasnexia.com\/es\/wp-json\/wp\/v2\/users\/1"}],"replies":[{"embeddable":true,"href":"https:\/\/www.venegasnexia.com\/es\/wp-json\/wp\/v2\/comments?post=9124"}],"version-history":[{"count":0,"href":"https:\/\/www.venegasnexia.com\/es\/wp-json\/wp\/v2\/posts\/9124\/revisions"}],"wp:featuredmedia":[{"embeddable":true,"href":"https:\/\/www.venegasnexia.com\/es\/wp-json\/wp\/v2\/media\/9131"}],"wp:attachment":[{"href":"https:\/\/www.venegasnexia.com\/es\/wp-json\/wp\/v2\/media?parent=9124"}],"wp:term":[{"taxonomy":"category","embeddable":true,"href":"https:\/\/www.venegasnexia.com\/es\/wp-json\/wp\/v2\/categories?post=9124"},{"taxonomy":"post_tag","embeddable":true,"href":"https:\/\/www.venegasnexia.com\/es\/wp-json\/wp\/v2\/tags?post=9124"}],"curies":[{"name":"wp","href":"https:\/\/api.w.org\/{rel}","templated":true}]}}